{"id":328564,"date":"2026-09-01T14:06:03","date_gmt":"2026-09-01T12:06:03","guid":{"rendered":"https:\/\/www.evearly.news\/fr\/utilitaires-electriques-kia-donne-un-premier-apercu-du-pv7-le-grand-frere-du-pv5\/"},"modified":"2026-09-01T14:06:03","modified_gmt":"2026-09-01T12:06:03","slug":"utilitaires-electriques-kia-donne-un-premier-apercu-du-pv7-le-grand-frere-du-pv5","status":"publish","type":"post","link":"https:\/\/www.evearly.news\/fr\/utilitaires-electriques-kia-donne-un-premier-apercu-du-pv7-le-grand-frere-du-pv5\/","title":{"rendered":"Utilitaires \u00e9lectriques : Kia donne un premier aper\u00e7u du PV7, le grand fr\u00e8re du PV5"},"content":{"rendered":"<p><img decoding=\"async\" width=\"500\" height=\"333\" src=\"https:\/\/www.evearly.news\/fr\/wp-content\/uploads\/sites\/6\/2026\/09\/utilitaires-electriques-kia-donne-un-premier-apercu-du-pv7-le-grand-frere-du-pv5.webp\" class=\"attachment-1200x800 size-1200x800 wp-post-image\" alt=\"\" loading=\"lazy\" srcset=\"https:\/\/www.evearly.news\/fr\/wp-content\/uploads\/sites\/6\/2026\/09\/utilitaires-electriques-kia-donne-un-premier-apercu-du-pv7-le-grand-frere-du-pv5.webp 1920w, https:\/\/www.evearly.news\/fr\/wp-content\/uploads\/sites\/6\/2026\/09\/utilitaires-electriques-kia-donne-un-premier-apercu-du-pv7-le-grand-frere-du-pv5-1.webp 1640w, https:\/\/www.evearly.news\/fr\/wp-content\/uploads\/sites\/6\/2026\/09\/utilitaires-electriques-kia-donne-un-premier-apercu-du-pv7-le-grand-frere-du-pv5-2.webp 1024w, https:\/\/www.evearly.news\/fr\/wp-content\/uploads\/sites\/6\/2026\/09\/utilitaires-electriques-kia-donne-un-premier-apercu-du-pv7-le-grand-frere-du-pv5-3.webp 768w, https:\/\/www.evearly.news\/fr\/wp-content\/uploads\/sites\/6\/2026\/09\/utilitaires-electriques-kia-donne-un-premier-apercu-du-pv7-le-grand-frere-du-pv5-4.webp 1536w, https:\/\/www.evearly.news\/fr\/wp-content\/uploads\/sites\/6\/2026\/09\/utilitaires-electriques-kia-donne-un-premier-apercu-du-pv7-le-grand-frere-du-pv5-5.webp 700w, https:\/\/cdn.automobile-propre.com\/uploads\/2026\/09\/kLBG4j4LoMhciz5kb8wG.jpg-960x540.webp 960w\" sizes=\"auto, (max-width: 1200px) 100vw, 1200px\" \/><br \/>\nApr\u00e8s le PV5, Kia poursuit le d\u00e9veloppement de sa gamme d\u2019utilitaires \u00e9lectriques avec le PV7. Plus grand et plus capacitaire,\u2026\u00a0<a href=https:\/\/www.automobile-propre.com\/articles\/fourgons-electriques-kia-devoile-les-premieres-images-officielles-du-pv7-le-grand-frere-du-pv5\/ target='bwindow'>Lire la suite&#8230;<\/a><\/p>\n","protected":false},"excerpt":{"rendered":"<p>&#8230; <a class=\"continue-reading-link\" href=\"https:\/\/www.evearly.news\/fr\/utilitaires-electriques-kia-donne-un-premier-apercu-du-pv7-le-grand-frere-du-pv5\/\"><\/a><\/p>\n","protected":false},"author":8,"featured_media":328565,"comment_status":"closed","ping_status":"open","sticky":false,"template":"Default","format":"standard","meta":{"footnotes":""},"categories":[8],"tags":[],"class_list":["post-328564","post","type-post","status-publish","format-standard","has-post-thumbnail","hentry","category-automobile-propre"],"_links":{"self":[{"href":"https:\/\/www.evearly.news\/fr\/wp-json\/wp\/v2\/posts\/328564","targetHints":{"allow":["GET"]}}],"collection":[{"href":"https:\/\/www.evearly.news\/fr\/wp-json\/wp\/v2\/posts"}],"about":[{"href":"https:\/\/www.evearly.news\/fr\/wp-json\/wp\/v2\/types\/post"}],"author":[{"embeddable":true,"href":"https:\/\/www.evearly.news\/fr\/wp-json\/wp\/v2\/users\/8"}],"replies":[{"embeddable":true,"href":"https:\/\/www.evearly.news\/fr\/wp-json\/wp\/v2\/comments?post=328564"}],"version-history":[{"count":0,"href":"https:\/\/www.evearly.news\/fr\/wp-json\/wp\/v2\/posts\/328564\/revisions"}],"wp:featuredmedia":[{"embeddable":true,"href":"https:\/\/www.evearly.news\/fr\/wp-json\/wp\/v2\/media\/328565"}],"wp:attachment":[{"href":"https:\/\/www.evearly.news\/fr\/wp-json\/wp\/v2\/media?parent=328564"}],"wp:term":[{"taxonomy":"category","embeddable":true,"href":"https:\/\/www.evearly.news\/fr\/wp-json\/wp\/v2\/categories?post=328564"},{"taxonomy":"post_tag","embeddable":true,"href":"https:\/\/www.evearly.news\/fr\/wp-json\/wp\/v2\/tags?post=328564"}],"curies":[{"name":"wp","href":"https:\/\/api.w.org\/{rel}","templated":true}]}}