{"id":328568,"date":"2026-09-01T14:16:08","date_gmt":"2026-09-01T12:16:08","guid":{"rendered":"https:\/\/www.evearly.news\/fr\/le-renault-scenic-electrique-nattend-pas-son-restylage-pour-recevoir-dimportantes-evolutions\/"},"modified":"2026-09-01T14:16:08","modified_gmt":"2026-09-01T12:16:08","slug":"le-renault-scenic-electrique-nattend-pas-son-restylage-pour-recevoir-dimportantes-evolutions","status":"publish","type":"post","link":"https:\/\/www.evearly.news\/fr\/le-renault-scenic-electrique-nattend-pas-son-restylage-pour-recevoir-dimportantes-evolutions\/","title":{"rendered":"Le Renault Scenic \u00e9lectrique n&rsquo;attend pas son restylage pour recevoir d&rsquo;importantes \u00e9volutions"},"content":{"rendered":"<div class=\"media_block\"><img decoding=\"async\" src=\"https:\/\/www.evearly.news\/fr\/wp-content\/uploads\/sites\/6\/2026\/09\/le-renault-scenic-electrique-nattend-pas-son-restylage-pour-recevoir-dimportantes-evolutions.jpg\"><\/div>\n<p>Fort d&rsquo;un joli d\u00e9but de carri\u00e8re, le Sc\u00e9nic \u00e9lectrique aurait pu \u00eatre tent\u00e9 de se reposer sur ses lauriers. Mais il boxe dans une cat\u00e9gorie tr\u00e8s concurrentielle, o\u00f9 ceux qui n&rsquo;\u00e9voluent pas prennent le risque de reculer. Alors, en  cette rentr\u00e9e 2026, Renault offre plusieurs am\u00e9liorations \u00e0 son SUV familial \u00ab\u00a0z\u00e9ro \u00e9mission\u00a0\u00bb. <a href=https:\/\/www.automobile-magazine.fr\/voitures-electriques\/article\/52975-le-renault-scenic-electrique-nattend-pas-son-restylage-pour-recevoir-dimportantes-evolutions alt='automobile magazine' target='blank'>Lire la suite&#8230;<\/a><\/p>\n","protected":false},"excerpt":{"rendered":"<div class=\"media_block\"><img decoding=\"async\" src=\"https:\/\/www.evearly.news\/fr\/wp-content\/uploads\/sites\/6\/2026\/09\/le-renault-scenic-electrique-nattend-pas-son-restylage-pour-recevoir-dimportantes-evolutions.jpg\"><\/div>\n<p> <a class=\"continue-reading-link\" href=\"https:\/\/www.evearly.news\/fr\/le-renault-scenic-electrique-nattend-pas-son-restylage-pour-recevoir-dimportantes-evolutions\/\"><\/a><\/p>\n","protected":false},"author":7,"featured_media":328569,"comment_status":"closed","ping_status":"open","sticky":false,"template":"Default","format":"standard","meta":{"footnotes":""},"categories":[7],"tags":[],"class_list":["post-328568","post","type-post","status-publish","format-standard","has-post-thumbnail","hentry","category-automobile-magazine"],"_links":{"self":[{"href":"https:\/\/www.evearly.news\/fr\/wp-json\/wp\/v2\/posts\/328568","targetHints":{"allow":["GET"]}}],"collection":[{"href":"https:\/\/www.evearly.news\/fr\/wp-json\/wp\/v2\/posts"}],"about":[{"href":"https:\/\/www.evearly.news\/fr\/wp-json\/wp\/v2\/types\/post"}],"author":[{"embeddable":true,"href":"https:\/\/www.evearly.news\/fr\/wp-json\/wp\/v2\/users\/7"}],"replies":[{"embeddable":true,"href":"https:\/\/www.evearly.news\/fr\/wp-json\/wp\/v2\/comments?post=328568"}],"version-history":[{"count":0,"href":"https:\/\/www.evearly.news\/fr\/wp-json\/wp\/v2\/posts\/328568\/revisions"}],"wp:featuredmedia":[{"embeddable":true,"href":"https:\/\/www.evearly.news\/fr\/wp-json\/wp\/v2\/media\/328569"}],"wp:attachment":[{"href":"https:\/\/www.evearly.news\/fr\/wp-json\/wp\/v2\/media?parent=328568"}],"wp:term":[{"taxonomy":"category","embeddable":true,"href":"https:\/\/www.evearly.news\/fr\/wp-json\/wp\/v2\/categories?post=328568"},{"taxonomy":"post_tag","embeddable":true,"href":"https:\/\/www.evearly.news\/fr\/wp-json\/wp\/v2\/tags?post=328568"}],"curies":[{"name":"wp","href":"https:\/\/api.w.org\/{rel}","templated":true}]}}