{"id":328574,"date":"2026-09-01T14:17:37","date_gmt":"2026-09-01T12:17:37","guid":{"rendered":"https:\/\/www.evearly.news\/fr\/la-dacia-sandero-va-passer-a-lelectrique-mais-pas-que-voici-ce-que-lon-sait-deja\/"},"modified":"2026-09-01T14:17:37","modified_gmt":"2026-09-01T12:17:37","slug":"la-dacia-sandero-va-passer-a-lelectrique-mais-pas-que-voici-ce-que-lon-sait-deja","status":"publish","type":"post","link":"https:\/\/www.evearly.news\/fr\/la-dacia-sandero-va-passer-a-lelectrique-mais-pas-que-voici-ce-que-lon-sait-deja\/","title":{"rendered":"La Dacia Sandero va passer \u00e0 l\u2019\u00e9lectrique, mais pas que : voici ce que l\u2019on sait d\u00e9j\u00e0"},"content":{"rendered":"<p><img loading=\"lazy\" width=\"1200\" height=\"675\" src=\"https:\/\/www.evearly.news\/fr\/wp-content\/uploads\/sites\/6\/2026\/09\/la-dacia-sandero-va-passer-a-lelectrique-mais-pas-que-voici-ce-que-lon-sait-deja.jpg\" class=\"attachment-full size-full wp-post-image\" alt=\"\" decoding=\"async\" \/<br \/>\nSi Dacia a jusqu&rsquo;alors fait le choix de proposer une gamme de voitures \u00e9lectriques ind\u00e9pendante, cela devrait d\u00e9sormais changer. La future Sandero devrait inaugurer cette nouvelle strat\u00e9gie, avec une version \u00e9lectrique et une version essence, d\u00e8s 2028.<br \/>\n <a href=https:\/\/www.frandroid.com\/marques\/dacia\/3228321_la-dacia-sandero-va-passer-a-lelectrique-mais-pas-que-voici-ce-que-lon-sait-deja target='bwindow'>Lire la suite&#8230;<\/a><\/p>\n","protected":false},"excerpt":{"rendered":"<p>&lt;img width=&quot;1200&quot; height=&quot;675&quot; src=&quot;https:\/\/www.evearly.news\/fr\/wp-content\/uploads\/sites\/6\/2026\/09\/la-dacia-sandero-va-passer-a-lelectrique-mais-pas-que-voici-ce-que-lon-sait-deja.jpg&quot; class=&quot;attachment-full size-full wp-post-image&quot; alt=&quot;&quot; decoding=&quot;async&quot; \/<br \/>\nSi Dacia a jusqu&rsquo;alors fait le choix de proposer une gamme de voitures \u00e9lectriques ind\u00e9pendante, cela devrait d\u00e9sormais changer. La future Sandero devrait inaugurer cette nouvelle strat\u00e9gie, avec une version \u00e9lectrique et une version essence, d\u00e8s 2028.\n<\/p>\n<p> <a class=\"continue-reading-link\" href=\"https:\/\/www.evearly.news\/fr\/la-dacia-sandero-va-passer-a-lelectrique-mais-pas-que-voici-ce-que-lon-sait-deja\/\"><\/a><\/p>\n","protected":false},"author":6,"featured_media":328575,"comment_status":"closed","ping_status":"open","sticky":false,"template":"Default","format":"standard","meta":{"footnotes":""},"categories":[14],"tags":[],"class_list":["post-328574","post","type-post","status-publish","format-standard","has-post-thumbnail","hentry","category-frandroid"],"_links":{"self":[{"href":"https:\/\/www.evearly.news\/fr\/wp-json\/wp\/v2\/posts\/328574","targetHints":{"allow":["GET"]}}],"collection":[{"href":"https:\/\/www.evearly.news\/fr\/wp-json\/wp\/v2\/posts"}],"about":[{"href":"https:\/\/www.evearly.news\/fr\/wp-json\/wp\/v2\/types\/post"}],"author":[{"embeddable":true,"href":"https:\/\/www.evearly.news\/fr\/wp-json\/wp\/v2\/users\/6"}],"replies":[{"embeddable":true,"href":"https:\/\/www.evearly.news\/fr\/wp-json\/wp\/v2\/comments?post=328574"}],"version-history":[{"count":0,"href":"https:\/\/www.evearly.news\/fr\/wp-json\/wp\/v2\/posts\/328574\/revisions"}],"wp:featuredmedia":[{"embeddable":true,"href":"https:\/\/www.evearly.news\/fr\/wp-json\/wp\/v2\/media\/328575"}],"wp:attachment":[{"href":"https:\/\/www.evearly.news\/fr\/wp-json\/wp\/v2\/media?parent=328574"}],"wp:term":[{"taxonomy":"category","embeddable":true,"href":"https:\/\/www.evearly.news\/fr\/wp-json\/wp\/v2\/categories?post=328574"},{"taxonomy":"post_tag","embeddable":true,"href":"https:\/\/www.evearly.news\/fr\/wp-json\/wp\/v2\/tags?post=328574"}],"curies":[{"name":"wp","href":"https:\/\/api.w.org\/{rel}","templated":true}]}}