{"id":328576,"date":"2026-09-01T14:18:07","date_gmt":"2026-09-01T12:18:07","guid":{"rendered":"https:\/\/www.evearly.news\/fr\/voitures-electriques-un-mois-daout-pas-comme-les-autres-avec-un-nouveau-record\/"},"modified":"2026-09-01T14:18:07","modified_gmt":"2026-09-01T12:18:07","slug":"voitures-electriques-un-mois-daout-pas-comme-les-autres-avec-un-nouveau-record","status":"publish","type":"post","link":"https:\/\/www.evearly.news\/fr\/voitures-electriques-un-mois-daout-pas-comme-les-autres-avec-un-nouveau-record\/","title":{"rendered":"Voitures \u00e9lectriques\u00a0: un mois d\u2019ao\u00fbt pas comme les autres avec un nouveau record"},"content":{"rendered":"<p><img width=\"1200\" height=\"675\" src=\"https:\/\/www.evearly.news\/fr\/wp-content\/uploads\/sites\/6\/2026\/09\/voitures-electriques-un-mois-daout-pas-comme-les-autres-avec-un-nouveau-record.jpg\" class=\"attachment-full size-full\" alt=\"\" decoding=\"async\" loading=\"lazy\" \/><br \/>\nIl n\u2019y a pas de tr\u00eave estivale pour les voitures \u00e9lectriques. Elles atteignent 38 % de part de march\u00e9 en ao\u00fbt 2026, avec un Tesla Model Y particuli\u00e8rement en forme.<br \/>\n <a href=https:\/\/www.numerama.com\/vroom\/2322513-voitures-electriques-un-mois-daout-pas-comme-les-autres-avec-un-nouveau-record.html target=bwindow'>Lire la suite&#8230;<\/a><\/p>\n","protected":false},"excerpt":{"rendered":"<p>&#8230; <a class=\"continue-reading-link\" href=\"https:\/\/www.evearly.news\/fr\/voitures-electriques-un-mois-daout-pas-comme-les-autres-avec-un-nouveau-record\/\"><\/a><\/p>\n","protected":false},"author":16,"featured_media":328577,"comment_status":"closed","ping_status":"open","sticky":false,"template":"Default","format":"standard","meta":{"footnotes":""},"categories":[17],"tags":[],"class_list":["post-328576","post","type-post","status-publish","format-standard","has-post-thumbnail","hentry","category-numerama"],"_links":{"self":[{"href":"https:\/\/www.evearly.news\/fr\/wp-json\/wp\/v2\/posts\/328576","targetHints":{"allow":["GET"]}}],"collection":[{"href":"https:\/\/www.evearly.news\/fr\/wp-json\/wp\/v2\/posts"}],"about":[{"href":"https:\/\/www.evearly.news\/fr\/wp-json\/wp\/v2\/types\/post"}],"author":[{"embeddable":true,"href":"https:\/\/www.evearly.news\/fr\/wp-json\/wp\/v2\/users\/16"}],"replies":[{"embeddable":true,"href":"https:\/\/www.evearly.news\/fr\/wp-json\/wp\/v2\/comments?post=328576"}],"version-history":[{"count":0,"href":"https:\/\/www.evearly.news\/fr\/wp-json\/wp\/v2\/posts\/328576\/revisions"}],"wp:featuredmedia":[{"embeddable":true,"href":"https:\/\/www.evearly.news\/fr\/wp-json\/wp\/v2\/media\/328577"}],"wp:attachment":[{"href":"https:\/\/www.evearly.news\/fr\/wp-json\/wp\/v2\/media?parent=328576"}],"wp:term":[{"taxonomy":"category","embeddable":true,"href":"https:\/\/www.evearly.news\/fr\/wp-json\/wp\/v2\/categories?post=328576"},{"taxonomy":"post_tag","embeddable":true,"href":"https:\/\/www.evearly.news\/fr\/wp-json\/wp\/v2\/tags?post=328576"}],"curies":[{"name":"wp","href":"https:\/\/api.w.org\/{rel}","templated":true}]}}