{"id":328580,"date":"2026-09-01T16:00:04","date_gmt":"2026-09-01T14:00:04","guid":{"rendered":"https:\/\/www.evearly.news\/fr\/apres-les-megane-et-r5-cest-au-tour-du-renault-scenic-de-recevoir-des-ameliorations\/"},"modified":"2026-09-01T16:00:04","modified_gmt":"2026-09-01T14:00:04","slug":"apres-les-megane-et-r5-cest-au-tour-du-renault-scenic-de-recevoir-des-ameliorations","status":"publish","type":"post","link":"https:\/\/www.evearly.news\/fr\/apres-les-megane-et-r5-cest-au-tour-du-renault-scenic-de-recevoir-des-ameliorations\/","title":{"rendered":"Apr\u00e8s les M\u00e9gane et R5, c\u2019est au tour du Renault Sc\u00e9nic de recevoir des am\u00e9liorations"},"content":{"rendered":"<p><img decoding=\"async\" src=\"https:\/\/www.evearly.news\/fr\/wp-content\/uploads\/sites\/6\/2026\/09\/apres-les-megane-et-r5-cest-au-tour-du-renault-scenic-de-recevoir-des-ameliorations.webp\" alt=\"auto-moto\"><br \/>Apr\u00e8s deux ans de carri\u00e8re, le Renault Sc\u00e9nic s\u2019offre une mise \u00e0 jour. Plus technique qu\u2019esth\u00e9tique, elle lui permet d\u2019am\u00e9liorer son rayon d\u2019action avec jusqu\u2019\u00e0 642 km gr\u00e2ce \u00e0 de nouvelles batteries. L\u2019\u00e9quipement est \u00e9galement enrichi. <a href=https:\/\/www.auto-moto.com\/electrique\/renault-scenic-evolutions-80317 target=blank>Lire la suite&#8230;<\/a><\/p>\n","protected":false},"excerpt":{"rendered":"<p>Apr\u00e8s deux ans de carri\u00e8re, le Renault Sc\u00e9nic s\u2019offre une mise \u00e0 jour. Plus technique qu\u2019esth\u00e9tique, elle lui permet d\u2019am\u00e9liorer son rayon d\u2019action avec jusqu\u2019\u00e0 642 km gr\u00e2ce \u00e0 de nouvelles batteries. L\u2019\u00e9quipement est \u00e9galement enrichi&#8230;. <a class=\"continue-reading-link\" href=\"https:\/\/www.evearly.news\/fr\/apres-les-megane-et-r5-cest-au-tour-du-renault-scenic-de-recevoir-des-ameliorations\/\"><\/a><\/p>\n","protected":false},"author":9,"featured_media":328581,"comment_status":"closed","ping_status":"open","sticky":false,"template":"Default","format":"standard","meta":{"footnotes":""},"categories":[10],"tags":[],"class_list":["post-328580","post","type-post","status-publish","format-standard","has-post-thumbnail","hentry","category-auto-moto-com"],"_links":{"self":[{"href":"https:\/\/www.evearly.news\/fr\/wp-json\/wp\/v2\/posts\/328580","targetHints":{"allow":["GET"]}}],"collection":[{"href":"https:\/\/www.evearly.news\/fr\/wp-json\/wp\/v2\/posts"}],"about":[{"href":"https:\/\/www.evearly.news\/fr\/wp-json\/wp\/v2\/types\/post"}],"author":[{"embeddable":true,"href":"https:\/\/www.evearly.news\/fr\/wp-json\/wp\/v2\/users\/9"}],"replies":[{"embeddable":true,"href":"https:\/\/www.evearly.news\/fr\/wp-json\/wp\/v2\/comments?post=328580"}],"version-history":[{"count":0,"href":"https:\/\/www.evearly.news\/fr\/wp-json\/wp\/v2\/posts\/328580\/revisions"}],"wp:featuredmedia":[{"embeddable":true,"href":"https:\/\/www.evearly.news\/fr\/wp-json\/wp\/v2\/media\/328581"}],"wp:attachment":[{"href":"https:\/\/www.evearly.news\/fr\/wp-json\/wp\/v2\/media?parent=328580"}],"wp:term":[{"taxonomy":"category","embeddable":true,"href":"https:\/\/www.evearly.news\/fr\/wp-json\/wp\/v2\/categories?post=328580"},{"taxonomy":"post_tag","embeddable":true,"href":"https:\/\/www.evearly.news\/fr\/wp-json\/wp\/v2\/tags?post=328580"}],"curies":[{"name":"wp","href":"https:\/\/api.w.org\/{rel}","templated":true}]}}