{"id":328590,"date":"2026-09-01T17:17:15","date_gmt":"2026-09-01T15:17:15","guid":{"rendered":"https:\/\/www.evearly.news\/fr\/nouveau-lexus-nx-nos-premieres-impressions-a-bord-du-suv-compact-hybride-restyle\/"},"modified":"2026-09-01T17:17:15","modified_gmt":"2026-09-01T15:17:15","slug":"nouveau-lexus-nx-nos-premieres-impressions-a-bord-du-suv-compact-hybride-restyle","status":"publish","type":"post","link":"https:\/\/www.evearly.news\/fr\/nouveau-lexus-nx-nos-premieres-impressions-a-bord-du-suv-compact-hybride-restyle\/","title":{"rendered":"Nouveau Lexus NX : nos premi\u00e8res impressions \u00e0 bord du SUV compact hybride restyl\u00e9"},"content":{"rendered":"<div class=\"media_block\"><img decoding=\"async\" src=\"https:\/\/www.evearly.news\/fr\/wp-content\/uploads\/sites\/6\/2026\/09\/nouveau-lexus-nx-nos-premieres-impressions-a-bord-du-suv-compact-hybride-restyle.jpg\"><\/div>\n<p>Deuxi\u00e8me vente de Lexus dans le monde et meilleure vente de la griffe chic de Toyota en Europe, la seconde g\u00e9n\u00e9ration de <a href=https:\/\/www.automobile-magazine.fr\/voitures-electriques\/article\/52974-nouveau-lexus-nx-nos-premieres-impressions-a-bord-du-suv-compact-hybride-restyle alt='automobile magazine' target='blank'>Lire la suite&#8230;<\/a><\/p>\n","protected":false},"excerpt":{"rendered":"<div class=\"media_block\"><img decoding=\"async\" src=\"https:\/\/www.evearly.news\/fr\/wp-content\/uploads\/sites\/6\/2026\/09\/nouveau-lexus-nx-nos-premieres-impressions-a-bord-du-suv-compact-hybride-restyle.jpg\"><\/div>\n<p> <a class=\"continue-reading-link\" href=\"https:\/\/www.evearly.news\/fr\/nouveau-lexus-nx-nos-premieres-impressions-a-bord-du-suv-compact-hybride-restyle\/\"><\/a><\/p>\n","protected":false},"author":7,"featured_media":328591,"comment_status":"closed","ping_status":"open","sticky":false,"template":"Default","format":"standard","meta":{"footnotes":""},"categories":[7],"tags":[],"class_list":["post-328590","post","type-post","status-publish","format-standard","has-post-thumbnail","hentry","category-automobile-magazine"],"_links":{"self":[{"href":"https:\/\/www.evearly.news\/fr\/wp-json\/wp\/v2\/posts\/328590","targetHints":{"allow":["GET"]}}],"collection":[{"href":"https:\/\/www.evearly.news\/fr\/wp-json\/wp\/v2\/posts"}],"about":[{"href":"https:\/\/www.evearly.news\/fr\/wp-json\/wp\/v2\/types\/post"}],"author":[{"embeddable":true,"href":"https:\/\/www.evearly.news\/fr\/wp-json\/wp\/v2\/users\/7"}],"replies":[{"embeddable":true,"href":"https:\/\/www.evearly.news\/fr\/wp-json\/wp\/v2\/comments?post=328590"}],"version-history":[{"count":0,"href":"https:\/\/www.evearly.news\/fr\/wp-json\/wp\/v2\/posts\/328590\/revisions"}],"wp:featuredmedia":[{"embeddable":true,"href":"https:\/\/www.evearly.news\/fr\/wp-json\/wp\/v2\/media\/328591"}],"wp:attachment":[{"href":"https:\/\/www.evearly.news\/fr\/wp-json\/wp\/v2\/media?parent=328590"}],"wp:term":[{"taxonomy":"category","embeddable":true,"href":"https:\/\/www.evearly.news\/fr\/wp-json\/wp\/v2\/categories?post=328590"},{"taxonomy":"post_tag","embeddable":true,"href":"https:\/\/www.evearly.news\/fr\/wp-json\/wp\/v2\/tags?post=328590"}],"curies":[{"name":"wp","href":"https:\/\/api.w.org\/{rel}","templated":true}]}}