{"id":328592,"date":"2026-09-01T17:20:41","date_gmt":"2026-09-01T15:20:41","guid":{"rendered":"https:\/\/www.evearly.news\/fr\/bonne-nouvelle-pour-la-renault-4-electrique-la-batterie-et-le-moteur-de-la-r5-la-moins-chere-bientot-disponible\/"},"modified":"2026-09-01T17:20:41","modified_gmt":"2026-09-01T15:20:41","slug":"bonne-nouvelle-pour-la-renault-4-electrique-la-batterie-et-le-moteur-de-la-r5-la-moins-chere-bientot-disponible","status":"publish","type":"post","link":"https:\/\/www.evearly.news\/fr\/bonne-nouvelle-pour-la-renault-4-electrique-la-batterie-et-le-moteur-de-la-r5-la-moins-chere-bientot-disponible\/","title":{"rendered":"Bonne nouvelle pour la Renault 4 \u00e9lectrique : la batterie et le moteur de la R5 la moins ch\u00e8re bient\u00f4t disponible"},"content":{"rendered":"<p><img width=\"1200\" height=\"675\" src=\"https:\/\/www.evearly.news\/fr\/wp-content\/uploads\/sites\/6\/2026\/09\/bonne-nouvelle-pour-la-renault-4-electrique-la-batterie-et-le-moteur-de-la-r5-la-moins-chere-bientot-disponible.jpg\" class=\"attachment-full size-full wp-post-image\" alt=\"\" decoding=\"async\" loading=\"lazy\" \/<br \/>\nLa Renault 5 E-Tech Five \u00e0 moins de 25 000 euros vient de recevoir des am\u00e9liorations techniques avec une nouvelle batterie LFP plus \u00e9conomique et un nouveau moteur plus sobre. Des \u00e9volutions qui arriveront sur les autres citadines \u00e9lectriques de la marque, notamment la R4.<br \/>\n <a href=https:\/\/www.frandroid.com\/marques\/renault\/3228581_bonne-nouvelle-pour-la-renault-4-electrique-la-batterie-et-le-moteur-de-la-r5-la-moins-chere-bientot-disponible target='bwindow'>Lire la suite&#8230;<\/a><\/p>\n","protected":false},"excerpt":{"rendered":"<p>&lt;img width=&quot;1200&quot; height=&quot;675&quot; src=&quot;https:\/\/www.evearly.news\/fr\/wp-content\/uploads\/sites\/6\/2026\/09\/bonne-nouvelle-pour-la-renault-4-electrique-la-batterie-et-le-moteur-de-la-r5-la-moins-chere-bientot-disponible.jpg&quot; class=&quot;attachment-full size-full wp-post-image&quot; alt=&quot;&quot; decoding=&quot;async&quot; loading=&quot;lazy&quot; \/<br \/>\nLa Renault 5 E-Tech Five \u00e0 moins de 25 000 euros vient de recevoir des am\u00e9liorations techniques avec une nouvelle batterie LFP plus \u00e9conomique et un nouveau moteur plus sobre. Des \u00e9volutions qui arriveront sur les autres citadines \u00e9lectriques de la marque, notamment la R4.\n<\/p>\n<p> <a class=\"continue-reading-link\" href=\"https:\/\/www.evearly.news\/fr\/bonne-nouvelle-pour-la-renault-4-electrique-la-batterie-et-le-moteur-de-la-r5-la-moins-chere-bientot-disponible\/\"><\/a><\/p>\n","protected":false},"author":6,"featured_media":328593,"comment_status":"closed","ping_status":"open","sticky":false,"template":"Default","format":"standard","meta":{"footnotes":""},"categories":[14],"tags":[],"class_list":["post-328592","post","type-post","status-publish","format-standard","has-post-thumbnail","hentry","category-frandroid"],"_links":{"self":[{"href":"https:\/\/www.evearly.news\/fr\/wp-json\/wp\/v2\/posts\/328592","targetHints":{"allow":["GET"]}}],"collection":[{"href":"https:\/\/www.evearly.news\/fr\/wp-json\/wp\/v2\/posts"}],"about":[{"href":"https:\/\/www.evearly.news\/fr\/wp-json\/wp\/v2\/types\/post"}],"author":[{"embeddable":true,"href":"https:\/\/www.evearly.news\/fr\/wp-json\/wp\/v2\/users\/6"}],"replies":[{"embeddable":true,"href":"https:\/\/www.evearly.news\/fr\/wp-json\/wp\/v2\/comments?post=328592"}],"version-history":[{"count":0,"href":"https:\/\/www.evearly.news\/fr\/wp-json\/wp\/v2\/posts\/328592\/revisions"}],"wp:featuredmedia":[{"embeddable":true,"href":"https:\/\/www.evearly.news\/fr\/wp-json\/wp\/v2\/media\/328593"}],"wp:attachment":[{"href":"https:\/\/www.evearly.news\/fr\/wp-json\/wp\/v2\/media?parent=328592"}],"wp:term":[{"taxonomy":"category","embeddable":true,"href":"https:\/\/www.evearly.news\/fr\/wp-json\/wp\/v2\/categories?post=328592"},{"taxonomy":"post_tag","embeddable":true,"href":"https:\/\/www.evearly.news\/fr\/wp-json\/wp\/v2\/tags?post=328592"}],"curies":[{"name":"wp","href":"https:\/\/api.w.org\/{rel}","templated":true}]}}