{"id":328594,"date":"2026-09-01T18:00:06","date_gmt":"2026-09-01T16:00:06","guid":{"rendered":"https:\/\/www.evearly.news\/fr\/essai-porsche-cayenne-turbo-coupe-electric-ne-lachetez-pas\/"},"modified":"2026-09-01T18:00:06","modified_gmt":"2026-09-01T16:00:06","slug":"essai-porsche-cayenne-turbo-coupe-electric-ne-lachetez-pas","status":"publish","type":"post","link":"https:\/\/www.evearly.news\/fr\/essai-porsche-cayenne-turbo-coupe-electric-ne-lachetez-pas\/","title":{"rendered":"Essai Porsche Cayenne Turbo Coup\u00e9 Electric\u00a0: ne l\u2019achetez pas !"},"content":{"rendered":"<p><img decoding=\"async\" width=\"500\" height=\"333\" src=\"https:\/\/www.evearly.news\/fr\/wp-content\/uploads\/sites\/6\/2026\/09\/essai-porsche-cayenne-turbo-coupe-electric-ne-lachetez-pas.jpg\" class=\"attachment-1200x800 size-1200x800 wp-post-image\" alt=\"\" loading=\"lazy\" srcset=\"https:\/\/www.evearly.news\/fr\/wp-content\/uploads\/sites\/6\/2026\/09\/essai-porsche-cayenne-turbo-coupe-electric-ne-lachetez-pas.jpg 1024w, https:\/\/www.evearly.news\/fr\/wp-content\/uploads\/sites\/6\/2026\/09\/essai-porsche-cayenne-turbo-coupe-electric-ne-lachetez-pas-1.jpg 768w, https:\/\/www.evearly.news\/fr\/wp-content\/uploads\/sites\/6\/2026\/09\/essai-porsche-cayenne-turbo-coupe-electric-ne-lachetez-pas-2.jpg 623w, https:\/\/cdn.automobile-propre.com\/uploads\/2026\/09\/Essai-Porsche-Cayenne-Coupe-electrique-960x720.jpg 960w\" sizes=\"auto, (max-width: 1024px) 100vw, 1024px\" \/><br \/>\nSi jusqu\u2019\u00e0 pr\u00e9sent, le Porsche Cayenne Coup\u00e9 thermique se vendait mieux que son homologue SUV sur le march\u00e9 fran\u00e7ais, il\u2026\u00a0<a href=https:\/\/www.automobile-propre.com\/articles\/essai-porsche-cayenne-turbo-coupe-electric-ne-lachetez-pas\/ target='bwindow'>Lire la suite&#8230;<\/a><\/p>\n","protected":false},"excerpt":{"rendered":"<p>&#8230; <a class=\"continue-reading-link\" href=\"https:\/\/www.evearly.news\/fr\/essai-porsche-cayenne-turbo-coupe-electric-ne-lachetez-pas\/\"><\/a><\/p>\n","protected":false},"author":8,"featured_media":328595,"comment_status":"closed","ping_status":"open","sticky":false,"template":"Default","format":"standard","meta":{"footnotes":""},"categories":[8],"tags":[],"class_list":["post-328594","post","type-post","status-publish","format-standard","has-post-thumbnail","hentry","category-automobile-propre"],"_links":{"self":[{"href":"https:\/\/www.evearly.news\/fr\/wp-json\/wp\/v2\/posts\/328594","targetHints":{"allow":["GET"]}}],"collection":[{"href":"https:\/\/www.evearly.news\/fr\/wp-json\/wp\/v2\/posts"}],"about":[{"href":"https:\/\/www.evearly.news\/fr\/wp-json\/wp\/v2\/types\/post"}],"author":[{"embeddable":true,"href":"https:\/\/www.evearly.news\/fr\/wp-json\/wp\/v2\/users\/8"}],"replies":[{"embeddable":true,"href":"https:\/\/www.evearly.news\/fr\/wp-json\/wp\/v2\/comments?post=328594"}],"version-history":[{"count":0,"href":"https:\/\/www.evearly.news\/fr\/wp-json\/wp\/v2\/posts\/328594\/revisions"}],"wp:featuredmedia":[{"embeddable":true,"href":"https:\/\/www.evearly.news\/fr\/wp-json\/wp\/v2\/media\/328595"}],"wp:attachment":[{"href":"https:\/\/www.evearly.news\/fr\/wp-json\/wp\/v2\/media?parent=328594"}],"wp:term":[{"taxonomy":"category","embeddable":true,"href":"https:\/\/www.evearly.news\/fr\/wp-json\/wp\/v2\/categories?post=328594"},{"taxonomy":"post_tag","embeddable":true,"href":"https:\/\/www.evearly.news\/fr\/wp-json\/wp\/v2\/tags?post=328594"}],"curies":[{"name":"wp","href":"https:\/\/api.w.org\/{rel}","templated":true}]}}