{"id":328598,"date":"2026-09-01T19:14:53","date_gmt":"2026-09-01T17:14:53","guid":{"rendered":"https:\/\/www.evearly.news\/fr\/kia-devoile-les-premieres-images-de-son-nouveau-van-electrique-pv7-avant-sa-presentation\/"},"modified":"2026-09-01T19:14:53","modified_gmt":"2026-09-01T17:14:53","slug":"kia-devoile-les-premieres-images-de-son-nouveau-van-electrique-pv7-avant-sa-presentation","status":"publish","type":"post","link":"https:\/\/www.evearly.news\/fr\/kia-devoile-les-premieres-images-de-son-nouveau-van-electrique-pv7-avant-sa-presentation\/","title":{"rendered":"Kia d\u00e9voile les premi\u00e8res images de son nouveau van \u00e9lectrique PV7 avant sa pr\u00e9sentation"},"content":{"rendered":"<p><img loading=\"lazy\" width=\"1200\" height=\"675\" src=\"https:\/\/www.evearly.news\/fr\/wp-content\/uploads\/sites\/6\/2026\/09\/kia-devoile-les-premieres-images-de-son-nouveau-van-electrique-pv7-avant-sa-presentation.jpg\" class=\"attachment-full size-full\" alt=\"\" decoding=\"async\" \/><br \/>\nUn nouveau membre va rejoindre la gamme utilitaire 100 % \u00e9lectrique de Kia : le PV7. Le van \u00ab grand-fr\u00e8re \u00bb du PV5 sera d\u00e9voil\u00e9 le 14 septembre 2026, \u00e0 l&rsquo;occasion du salon IAA Transportation \u00e0 Hanovre, en Allemagne.<br \/>\n <a href=https:\/\/www.numerama.com\/vroom\/2322903-kia-devoile-les-premieres-images-de-son-nouveau-van-electrique-pv7-avant-sa-presentation.html target=bwindow'>Lire la suite&#8230;<\/a><\/p>\n","protected":false},"excerpt":{"rendered":"<p>&#8230; <a class=\"continue-reading-link\" href=\"https:\/\/www.evearly.news\/fr\/kia-devoile-les-premieres-images-de-son-nouveau-van-electrique-pv7-avant-sa-presentation\/\"><\/a><\/p>\n","protected":false},"author":16,"featured_media":328599,"comment_status":"closed","ping_status":"open","sticky":false,"template":"Default","format":"standard","meta":{"footnotes":""},"categories":[17],"tags":[],"class_list":["post-328598","post","type-post","status-publish","format-standard","has-post-thumbnail","hentry","category-numerama"],"_links":{"self":[{"href":"https:\/\/www.evearly.news\/fr\/wp-json\/wp\/v2\/posts\/328598","targetHints":{"allow":["GET"]}}],"collection":[{"href":"https:\/\/www.evearly.news\/fr\/wp-json\/wp\/v2\/posts"}],"about":[{"href":"https:\/\/www.evearly.news\/fr\/wp-json\/wp\/v2\/types\/post"}],"author":[{"embeddable":true,"href":"https:\/\/www.evearly.news\/fr\/wp-json\/wp\/v2\/users\/16"}],"replies":[{"embeddable":true,"href":"https:\/\/www.evearly.news\/fr\/wp-json\/wp\/v2\/comments?post=328598"}],"version-history":[{"count":0,"href":"https:\/\/www.evearly.news\/fr\/wp-json\/wp\/v2\/posts\/328598\/revisions"}],"wp:featuredmedia":[{"embeddable":true,"href":"https:\/\/www.evearly.news\/fr\/wp-json\/wp\/v2\/media\/328599"}],"wp:attachment":[{"href":"https:\/\/www.evearly.news\/fr\/wp-json\/wp\/v2\/media?parent=328598"}],"wp:term":[{"taxonomy":"category","embeddable":true,"href":"https:\/\/www.evearly.news\/fr\/wp-json\/wp\/v2\/categories?post=328598"},{"taxonomy":"post_tag","embeddable":true,"href":"https:\/\/www.evearly.news\/fr\/wp-json\/wp\/v2\/tags?post=328598"}],"curies":[{"name":"wp","href":"https:\/\/api.w.org\/{rel}","templated":true}]}}