{"id":328600,"date":"2026-09-01T18:00:00","date_gmt":"2026-09-01T16:00:00","guid":{"rendered":"https:\/\/www.evearly.news\/fr\/mais-qui-pourrait-preferer-la-nouvelle-opel-corsa-gse-a-une-peugeot-e-208-gti-ou-une-lancia-ypsilon-hf\/"},"modified":"2026-09-01T18:00:00","modified_gmt":"2026-09-01T16:00:00","slug":"mais-qui-pourrait-preferer-la-nouvelle-opel-corsa-gse-a-une-peugeot-e-208-gti-ou-une-lancia-ypsilon-hf","status":"publish","type":"post","link":"https:\/\/www.evearly.news\/fr\/mais-qui-pourrait-preferer-la-nouvelle-opel-corsa-gse-a-une-peugeot-e-208-gti-ou-une-lancia-ypsilon-hf\/","title":{"rendered":"Mais qui pourrait pr\u00e9f\u00e9rer la nouvelle Opel Corsa GSE \u00e0 une Peugeot E-208 GTI ou une Lancia Ypsilon HF\u00a0?"},"content":{"rendered":"<p><img decoding=\"async\" src=\"https:\/\/www.evearly.news\/fr\/wp-content\/uploads\/sites\/6\/2026\/09\/mais-qui-pourrait-preferer-la-nouvelle-opel-corsa-gse-a-une-peugeot-e-208-gti-ou-une-lancia-ypsilon-hf.jpg\" alt=\"caradisiac\" \n><br \/>ESSAI VIDEO\u00a0\u2013\u00a0Opel s\u2019attaque \u00e0 l\u2019Alpine A290 et \u00e0 la Mini JCW avec une version surpuissante de sa modeste Corsa \u00e9lectrique. L\u2019Allemande reprend exactement les m\u00eames \u00e9l\u00e9ments techniques que la Peugeot E-208 GTI et la Lancia Ypsilon HF \u00e9galement commercialis\u00e9es par Stellantis. Mais quel int\u00e9r\u00eat de pr\u00e9f\u00e9rer l\u2019Opel \u00e0 ses cousines\u00a0? <a href=https:\/\/www.caradisiac.com\/mais-qui-pourrait-preferer-la-nouvelle-opel-corsa-gse-a-une-peugeot-e-208-gti-ou-une-lancia-ypsilon-hf-223758.htm#xtor=RSS-40 target=blank>Lire la suite&#8230;<\/a><\/p>\n","protected":false},"excerpt":{"rendered":"<p><img decoding=\"async\" src=\"https:\/\/www.evearly.news\/fr\/wp-content\/uploads\/sites\/6\/2026\/09\/mais-qui-pourrait-preferer-la-nouvelle-opel-corsa-gse-a-une-peugeot-e-208-gti-ou-une-lancia-ypsilon-hf.jpg\" alt=\"caradisiac\"><br \/>ESSAI VIDEO\u00a0\u2013\u00a0Opel s\u2019attaque \u00e0 l\u2019Alpine A290 et \u00e0 la Mini JCW avec une version surpuissante de sa modeste Corsa \u00e9lectrique. L\u2019Allemande reprend exactement les m\u00eames \u00e9l\u00e9ments techniques que la Peugeot E-208 GTI et la Lancia Ypsilon HF \u00e9galement commercialis\u00e9es par Stellantis. Mais quel int\u00e9r\u00eat de pr\u00e9f\u00e9rer l\u2019Opel \u00e0 ses cousines\u00a0?<\/p>\n<p> <a class=\"continue-reading-link\" href=\"https:\/\/www.evearly.news\/fr\/mais-qui-pourrait-preferer-la-nouvelle-opel-corsa-gse-a-une-peugeot-e-208-gti-ou-une-lancia-ypsilon-hf\/\"><\/a><\/p>\n","protected":false},"author":11,"featured_media":328601,"comment_status":"closed","ping_status":"open","sticky":false,"template":"Default","format":"standard","meta":{"footnotes":""},"categories":[11],"tags":[],"class_list":["post-328600","post","type-post","status-publish","format-standard","has-post-thumbnail","hentry","category-caradisiac"],"_links":{"self":[{"href":"https:\/\/www.evearly.news\/fr\/wp-json\/wp\/v2\/posts\/328600","targetHints":{"allow":["GET"]}}],"collection":[{"href":"https:\/\/www.evearly.news\/fr\/wp-json\/wp\/v2\/posts"}],"about":[{"href":"https:\/\/www.evearly.news\/fr\/wp-json\/wp\/v2\/types\/post"}],"author":[{"embeddable":true,"href":"https:\/\/www.evearly.news\/fr\/wp-json\/wp\/v2\/users\/11"}],"replies":[{"embeddable":true,"href":"https:\/\/www.evearly.news\/fr\/wp-json\/wp\/v2\/comments?post=328600"}],"version-history":[{"count":0,"href":"https:\/\/www.evearly.news\/fr\/wp-json\/wp\/v2\/posts\/328600\/revisions"}],"wp:featuredmedia":[{"embeddable":true,"href":"https:\/\/www.evearly.news\/fr\/wp-json\/wp\/v2\/media\/328601"}],"wp:attachment":[{"href":"https:\/\/www.evearly.news\/fr\/wp-json\/wp\/v2\/media?parent=328600"}],"wp:term":[{"taxonomy":"category","embeddable":true,"href":"https:\/\/www.evearly.news\/fr\/wp-json\/wp\/v2\/categories?post=328600"},{"taxonomy":"post_tag","embeddable":true,"href":"https:\/\/www.evearly.news\/fr\/wp-json\/wp\/v2\/tags?post=328600"}],"curies":[{"name":"wp","href":"https:\/\/api.w.org\/{rel}","templated":true}]}}