{"id":328602,"date":"2026-09-01T21:18:37","date_gmt":"2026-09-01T19:18:37","guid":{"rendered":"https:\/\/www.evearly.news\/fr\/tesla-model-y-l-sa-suspension-arriere-saffaisse-en-chine-defaut-de-serie-ou-cas-isoles\/"},"modified":"2026-09-01T21:18:37","modified_gmt":"2026-09-01T19:18:37","slug":"tesla-model-y-l-sa-suspension-arriere-saffaisse-en-chine-defaut-de-serie-ou-cas-isoles","status":"publish","type":"post","link":"https:\/\/www.evearly.news\/fr\/tesla-model-y-l-sa-suspension-arriere-saffaisse-en-chine-defaut-de-serie-ou-cas-isoles\/","title":{"rendered":"Tesla Model Y L : sa suspension arri\u00e8re s\u2019affaisse en Chine, d\u00e9faut de s\u00e9rie ou cas isol\u00e9s ?"},"content":{"rendered":"<p><img width=\"1200\" height=\"675\" src=\"https:\/\/www.evearly.news\/fr\/wp-content\/uploads\/sites\/6\/2026\/09\/tesla-model-y-l-sa-suspension-arriere-saffaisse-en-chine-defaut-de-serie-ou-cas-isoles.jpg\" class=\"attachment-full size-full\" alt=\"\" decoding=\"async\" loading=\"lazy\" \/><br \/>\nDes propri\u00e9taires de la version rallong\u00e9e \u00e0 6 places du Model Y rapportent un affaissement significatif de la suspension arri\u00e8re \u00e0 pleine charge. Un point technique \u00e0 surveiller de pr\u00e8s avant l&rsquo;arriv\u00e9e du mod\u00e8le en Europe.<br \/>\n <a href=https:\/\/www.numerama.com\/vroom\/2323031-tesla-model-y-l-sa-suspension-arriere-saffaisse-en-chine-defaut-de-serie-ou-cas-isoles.html target=bwindow'>Lire la suite&#8230;<\/a><\/p>\n","protected":false},"excerpt":{"rendered":"<p>&#8230; <a class=\"continue-reading-link\" href=\"https:\/\/www.evearly.news\/fr\/tesla-model-y-l-sa-suspension-arriere-saffaisse-en-chine-defaut-de-serie-ou-cas-isoles\/\"><\/a><\/p>\n","protected":false},"author":16,"featured_media":328603,"comment_status":"closed","ping_status":"open","sticky":false,"template":"Default","format":"standard","meta":{"footnotes":""},"categories":[17],"tags":[],"class_list":["post-328602","post","type-post","status-publish","format-standard","has-post-thumbnail","hentry","category-numerama"],"_links":{"self":[{"href":"https:\/\/www.evearly.news\/fr\/wp-json\/wp\/v2\/posts\/328602","targetHints":{"allow":["GET"]}}],"collection":[{"href":"https:\/\/www.evearly.news\/fr\/wp-json\/wp\/v2\/posts"}],"about":[{"href":"https:\/\/www.evearly.news\/fr\/wp-json\/wp\/v2\/types\/post"}],"author":[{"embeddable":true,"href":"https:\/\/www.evearly.news\/fr\/wp-json\/wp\/v2\/users\/16"}],"replies":[{"embeddable":true,"href":"https:\/\/www.evearly.news\/fr\/wp-json\/wp\/v2\/comments?post=328602"}],"version-history":[{"count":0,"href":"https:\/\/www.evearly.news\/fr\/wp-json\/wp\/v2\/posts\/328602\/revisions"}],"wp:featuredmedia":[{"embeddable":true,"href":"https:\/\/www.evearly.news\/fr\/wp-json\/wp\/v2\/media\/328603"}],"wp:attachment":[{"href":"https:\/\/www.evearly.news\/fr\/wp-json\/wp\/v2\/media?parent=328602"}],"wp:term":[{"taxonomy":"category","embeddable":true,"href":"https:\/\/www.evearly.news\/fr\/wp-json\/wp\/v2\/categories?post=328602"},{"taxonomy":"post_tag","embeddable":true,"href":"https:\/\/www.evearly.news\/fr\/wp-json\/wp\/v2\/tags?post=328602"}],"curies":[{"name":"wp","href":"https:\/\/api.w.org\/{rel}","templated":true}]}}