{"id":328604,"date":"2026-09-01T23:12:04","date_gmt":"2026-09-01T21:12:04","guid":{"rendered":"https:\/\/www.evearly.news\/fr\/tesla-veut-convaincre-leurope-que-son-systeme-de-conduite-autonome-est-sur-mais-ses-propres-chiffres-ne-prouvent-rien\/"},"modified":"2026-09-01T23:12:04","modified_gmt":"2026-09-01T21:12:04","slug":"tesla-veut-convaincre-leurope-que-son-systeme-de-conduite-autonome-est-sur-mais-ses-propres-chiffres-ne-prouvent-rien","status":"publish","type":"post","link":"https:\/\/www.evearly.news\/fr\/tesla-veut-convaincre-leurope-que-son-systeme-de-conduite-autonome-est-sur-mais-ses-propres-chiffres-ne-prouvent-rien\/","title":{"rendered":"Tesla veut convaincre l\u2019Europe que son syst\u00e8me de conduite autonome est s\u00fbr mais ses propres chiffres ne prouvent rien"},"content":{"rendered":"<div class=\"media_block\"><img decoding=\"async\" src=\"https:\/\/www.evearly.news\/fr\/wp-content\/uploads\/sites\/6\/2026\/09\/tesla-veut-convaincre-leurope-que-son-systeme-de-conduite-autonome-est-sur-mais-ses-propres-chiffres-ne-prouvent-rien.jpg\"><\/div>\n<p>Autoris\u00e9 dans cinq pays de l\u2019Union europ\u00e9enne mais toujours pas en France, le FSD (Supervised) de Tesla pourrait franchir une \u00e9tape importante cet automne. \u00c0 quelques semaines d\u2019un possible vote europ\u00e9en, <a href=https:\/\/www.automobile-magazine.fr\/economie-politique\/article\/52978-tesla-veut-convaincre-leurope-que-son-systeme-de-conduite-autonome-est-sur-mais-ses-propres-chiffres-ne-prouvent-rien alt='automobile magazine' target='blank'>Lire la suite&#8230;<\/a><\/p>\n","protected":false},"excerpt":{"rendered":"<div class=\"media_block\"><img decoding=\"async\" src=\"https:\/\/www.evearly.news\/fr\/wp-content\/uploads\/sites\/6\/2026\/09\/tesla-veut-convaincre-leurope-que-son-systeme-de-conduite-autonome-est-sur-mais-ses-propres-chiffres-ne-prouvent-rien.jpg\"><\/div>\n<p> <a class=\"continue-reading-link\" href=\"https:\/\/www.evearly.news\/fr\/tesla-veut-convaincre-leurope-que-son-systeme-de-conduite-autonome-est-sur-mais-ses-propres-chiffres-ne-prouvent-rien\/\"><\/a><\/p>\n","protected":false},"author":7,"featured_media":328605,"comment_status":"closed","ping_status":"open","sticky":false,"template":"Default","format":"standard","meta":{"footnotes":""},"categories":[7],"tags":[],"class_list":["post-328604","post","type-post","status-publish","format-standard","has-post-thumbnail","hentry","category-automobile-magazine"],"_links":{"self":[{"href":"https:\/\/www.evearly.news\/fr\/wp-json\/wp\/v2\/posts\/328604","targetHints":{"allow":["GET"]}}],"collection":[{"href":"https:\/\/www.evearly.news\/fr\/wp-json\/wp\/v2\/posts"}],"about":[{"href":"https:\/\/www.evearly.news\/fr\/wp-json\/wp\/v2\/types\/post"}],"author":[{"embeddable":true,"href":"https:\/\/www.evearly.news\/fr\/wp-json\/wp\/v2\/users\/7"}],"replies":[{"embeddable":true,"href":"https:\/\/www.evearly.news\/fr\/wp-json\/wp\/v2\/comments?post=328604"}],"version-history":[{"count":0,"href":"https:\/\/www.evearly.news\/fr\/wp-json\/wp\/v2\/posts\/328604\/revisions"}],"wp:featuredmedia":[{"embeddable":true,"href":"https:\/\/www.evearly.news\/fr\/wp-json\/wp\/v2\/media\/328605"}],"wp:attachment":[{"href":"https:\/\/www.evearly.news\/fr\/wp-json\/wp\/v2\/media?parent=328604"}],"wp:term":[{"taxonomy":"category","embeddable":true,"href":"https:\/\/www.evearly.news\/fr\/wp-json\/wp\/v2\/categories?post=328604"},{"taxonomy":"post_tag","embeddable":true,"href":"https:\/\/www.evearly.news\/fr\/wp-json\/wp\/v2\/tags?post=328604"}],"curies":[{"name":"wp","href":"https:\/\/api.w.org\/{rel}","templated":true}]}}