{"id":328608,"date":"2026-09-02T01:22:05","date_gmt":"2026-09-01T23:22:05","guid":{"rendered":"https:\/\/www.evearly.news\/fr\/on-a-pris-le-volant-du-range-rover-electrique-550-ch-caches-sous-un-look-inchange\/"},"modified":"2026-09-02T01:22:05","modified_gmt":"2026-09-01T23:22:05","slug":"on-a-pris-le-volant-du-range-rover-electrique-550-ch-caches-sous-un-look-inchange","status":"publish","type":"post","link":"https:\/\/www.evearly.news\/fr\/on-a-pris-le-volant-du-range-rover-electrique-550-ch-caches-sous-un-look-inchange\/","title":{"rendered":"On a pris le volant du Range Rover \u00e9lectrique : 550 ch cach\u00e9s sous un look inchang\u00e9"},"content":{"rendered":"<p><img width=\"1200\" height=\"675\" src=\"https:\/\/www.evearly.news\/fr\/wp-content\/uploads\/sites\/6\/2026\/09\/on-a-pris-le-volant-du-range-rover-electrique-550-ch-caches-sous-un-look-inchange.jpg\" class=\"attachment-full size-full wp-post-image\" alt=\"\" decoding=\"async\" loading=\"lazy\" \/<br \/>\nDu c\u00f4t\u00e9 du tout nouveau Range Rover, ne cherchez plus les pots d\u2019\u00e9chappement, ils ont disparu. Pour le reste, le roi des SUV de luxe britannique ne change pas son coup de crayon d&rsquo;un iota. Mais sous cette robe inchang\u00e9e se cache pourtant une r\u00e9volution. Nous avons diss\u00e9qu\u00e9 le Range Rover \u00c9lectrique, qui s&rsquo;offre une batterie monumentale et deux moteurs puissants totalement silencieux. Parce que oui, on l&rsquo;a conduit aussi !<br \/>\n <a href=https:\/\/www.frandroid.com\/survoltes\/voitures-electriques\/3226527_on-a-pris-le-volant-du-range-rover-electrique-550-ch-caches-sous-un-look-inchange target='bwindow'>Lire la suite&#8230;<\/a><\/p>\n","protected":false},"excerpt":{"rendered":"<p>&lt;img width=&quot;1200&quot; height=&quot;675&quot; src=&quot;https:\/\/www.evearly.news\/fr\/wp-content\/uploads\/sites\/6\/2026\/09\/on-a-pris-le-volant-du-range-rover-electrique-550-ch-caches-sous-un-look-inchange.jpg&quot; class=&quot;attachment-full size-full wp-post-image&quot; alt=&quot;&quot; decoding=&quot;async&quot; loading=&quot;lazy&quot; \/<br \/>\nDu c\u00f4t\u00e9 du tout nouveau Range Rover, ne cherchez plus les pots d\u2019\u00e9chappement, ils ont disparu. Pour le reste, le roi des SUV de luxe britannique ne change pas son coup de crayon d&rsquo;un iota. Mais sous cette robe inchang\u00e9e se cache pourtant une r\u00e9volution. Nous avons diss\u00e9qu\u00e9 le Range Rover \u00c9lectrique, qui s&rsquo;offre une batterie monumentale et deux moteurs puissants totalement silencieux. Parce que oui, on l&rsquo;a conduit aussi !\n<\/p>\n<p> <a class=\"continue-reading-link\" href=\"https:\/\/www.evearly.news\/fr\/on-a-pris-le-volant-du-range-rover-electrique-550-ch-caches-sous-un-look-inchange\/\"><\/a><\/p>\n","protected":false},"author":6,"featured_media":328609,"comment_status":"closed","ping_status":"open","sticky":false,"template":"Default","format":"standard","meta":{"footnotes":""},"categories":[14],"tags":[],"class_list":["post-328608","post","type-post","status-publish","format-standard","has-post-thumbnail","hentry","category-frandroid"],"_links":{"self":[{"href":"https:\/\/www.evearly.news\/fr\/wp-json\/wp\/v2\/posts\/328608","targetHints":{"allow":["GET"]}}],"collection":[{"href":"https:\/\/www.evearly.news\/fr\/wp-json\/wp\/v2\/posts"}],"about":[{"href":"https:\/\/www.evearly.news\/fr\/wp-json\/wp\/v2\/types\/post"}],"author":[{"embeddable":true,"href":"https:\/\/www.evearly.news\/fr\/wp-json\/wp\/v2\/users\/6"}],"replies":[{"embeddable":true,"href":"https:\/\/www.evearly.news\/fr\/wp-json\/wp\/v2\/comments?post=328608"}],"version-history":[{"count":0,"href":"https:\/\/www.evearly.news\/fr\/wp-json\/wp\/v2\/posts\/328608\/revisions"}],"wp:featuredmedia":[{"embeddable":true,"href":"https:\/\/www.evearly.news\/fr\/wp-json\/wp\/v2\/media\/328609"}],"wp:attachment":[{"href":"https:\/\/www.evearly.news\/fr\/wp-json\/wp\/v2\/media?parent=328608"}],"wp:term":[{"taxonomy":"category","embeddable":true,"href":"https:\/\/www.evearly.news\/fr\/wp-json\/wp\/v2\/categories?post=328608"},{"taxonomy":"post_tag","embeddable":true,"href":"https:\/\/www.evearly.news\/fr\/wp-json\/wp\/v2\/tags?post=328608"}],"curies":[{"name":"wp","href":"https:\/\/api.w.org\/{rel}","templated":true}]}}