{"id":328610,"date":"2026-09-02T08:00:04","date_gmt":"2026-09-02T06:00:04","guid":{"rendered":"https:\/\/www.evearly.news\/fr\/quels-velos-electrifier-avec-le-kit-asus-oxiis-e250g1\/"},"modified":"2026-09-02T08:00:04","modified_gmt":"2026-09-02T06:00:04","slug":"quels-velos-electrifier-avec-le-kit-asus-oxiis-e250g1","status":"publish","type":"post","link":"https:\/\/www.evearly.news\/fr\/quels-velos-electrifier-avec-le-kit-asus-oxiis-e250g1\/","title":{"rendered":"Quels v\u00e9los \u00e9lectrifier avec le kit Asus Oxiis E250G1 ?"},"content":{"rendered":"<p><img width=\"1000\" height=\"563\" src=\"https:\/\/www.evearly.news\/fr\/wp-content\/uploads\/sites\/6\/2026\/09\/quels-velos-electrifier-avec-le-kit-asus-oxiis-e250g1.jpg\" class=\"attachment-post-thumbnail size-post-thumbnail wp-post-image\" alt=\"Kit Asus Oxiis E250G1 pour \u00e9lectrifier un v\u00e9lo\" decoding=\"async\" fetchpriority=\"high\" srcset=\"https:\/\/www.evearly.news\/fr\/wp-content\/uploads\/sites\/6\/2026\/09\/quels-velos-electrifier-avec-le-kit-asus-oxiis-e250g1.jpg 1000w, https:\/\/www.evearly.news\/fr\/wp-content\/uploads\/sites\/6\/2026\/09\/quels-velos-electrifier-avec-le-kit-asus-oxiis-e250g1-1.jpg 300w, https:\/\/www.evearly.news\/fr\/wp-content\/uploads\/sites\/6\/2026\/09\/quels-velos-electrifier-avec-le-kit-asus-oxiis-e250g1-2.jpg 998w, https:\/\/www.avem.fr\/wp-content\/uploads\/2026\/09\/ACTG0902_AsusVAE-768x432.jpg 768w\" sizes=\"(max-width: 1000px) 100vw, 1000px\" \/>Principalement connu comme fabricant d\u2019ordinateurs, Asus propose un kit pour \u00e9lectrifier simplement et rapidement un grand nombre de v\u00e9los classiques. Tous les mod\u00e8les ne sont cependant pas compatibles. \u00a0 Un bo\u00eetier tout-en-un Des kits pour \u00e9lectrifier un v\u00e9lo, ce n\u2019est pas nouveau, et \u00e7a existe depuis plus de dix ans. [\u2026] <a href=https:\/\/www.avem.fr\/2026\/09\/02\/quels-velos-electrifier-avec-le-kit-asus-oxiis-e250g1\/ target=blank>Lire la suite&#8230;<\/a><\/p>\n","protected":false},"excerpt":{"rendered":"<p><img loading=\"lazy\" decoding=\"async\" width=\"1000\" height=\"563\" src=\"https:\/\/www.evearly.news\/fr\/wp-content\/uploads\/sites\/6\/2026\/09\/quels-velos-electrifier-avec-le-kit-asus-oxiis-e250g1.jpg\" class=\"attachment-post-thumbnail size-post-thumbnail wp-post-image\" alt=\"Kit Asus Oxiis E250G1 pour \u00e9lectrifier un v\u00e9lo\" \/>Principalement connu comme fabricant d\u2019ordinateurs, Asus propose un kit pour \u00e9lectrifier simplement et rapidement un grand nombre de v\u00e9los classiques. Tous les mod\u00e8les ne sont cependant pas compatibles. \u00a0 Un bo\u00eetier tout-en-un Des kits pour \u00e9lectrifier un v\u00e9lo, ce n\u2019est pas nouveau, et \u00e7a existe depuis plus de dix ans. [\u2026] <a class=\"continue-reading-link\" href=\"https:\/\/www.evearly.news\/fr\/quels-velos-electrifier-avec-le-kit-asus-oxiis-e250g1\/\"><\/a><\/p>\n","protected":false},"author":3,"featured_media":328611,"comment_status":"closed","ping_status":"open","sticky":false,"template":"Default","format":"standard","meta":{"footnotes":""},"categories":[3],"tags":[],"class_list":["post-328610","post","type-post","status-publish","format-standard","has-post-thumbnail","hentry","category-avem"],"_links":{"self":[{"href":"https:\/\/www.evearly.news\/fr\/wp-json\/wp\/v2\/posts\/328610","targetHints":{"allow":["GET"]}}],"collection":[{"href":"https:\/\/www.evearly.news\/fr\/wp-json\/wp\/v2\/posts"}],"about":[{"href":"https:\/\/www.evearly.news\/fr\/wp-json\/wp\/v2\/types\/post"}],"author":[{"embeddable":true,"href":"https:\/\/www.evearly.news\/fr\/wp-json\/wp\/v2\/users\/3"}],"replies":[{"embeddable":true,"href":"https:\/\/www.evearly.news\/fr\/wp-json\/wp\/v2\/comments?post=328610"}],"version-history":[{"count":0,"href":"https:\/\/www.evearly.news\/fr\/wp-json\/wp\/v2\/posts\/328610\/revisions"}],"wp:featuredmedia":[{"embeddable":true,"href":"https:\/\/www.evearly.news\/fr\/wp-json\/wp\/v2\/media\/328611"}],"wp:attachment":[{"href":"https:\/\/www.evearly.news\/fr\/wp-json\/wp\/v2\/media?parent=328610"}],"wp:term":[{"taxonomy":"category","embeddable":true,"href":"https:\/\/www.evearly.news\/fr\/wp-json\/wp\/v2\/categories?post=328610"},{"taxonomy":"post_tag","embeddable":true,"href":"https:\/\/www.evearly.news\/fr\/wp-json\/wp\/v2\/tags?post=328610"}],"curies":[{"name":"wp","href":"https:\/\/api.w.org\/{rel}","templated":true}]}}