{"id":328616,"date":"2026-09-02T08:13:02","date_gmt":"2026-09-02T06:13:02","guid":{"rendered":"https:\/\/www.evearly.news\/fr\/volkswagen-id-california-cruise-photos-infos-et-autonomies-du-premier-van-amenage-electrique-de-volkswagen\/"},"modified":"2026-09-02T08:13:02","modified_gmt":"2026-09-02T06:13:02","slug":"volkswagen-id-california-cruise-photos-infos-et-autonomies-du-premier-van-amenage-electrique-de-volkswagen","status":"publish","type":"post","link":"https:\/\/www.evearly.news\/fr\/volkswagen-id-california-cruise-photos-infos-et-autonomies-du-premier-van-amenage-electrique-de-volkswagen\/","title":{"rendered":"Volkswagen ID. California Cruise : photos, infos et autonomies du premier van am\u00e9nag\u00e9 \u00e9lectrique de Volkswagen"},"content":{"rendered":"<div class=\"media_block\"><img decoding=\"async\" src=\"https:\/\/www.evearly.news\/fr\/wp-content\/uploads\/sites\/6\/2026\/09\/volkswagen-id-california-cruise-photos-infos-et-autonomies-du-premier-van-amenage-electrique-de-volkswagen.jpg\"><\/div>\n<p>N\u00e9 en 1988, le c\u00e9l\u00e8bre Volkswagen California entame sa r\u00e9volution \u00e9lectrique avec l&rsquo;ID. California Cruise, d\u00e9riv\u00e9 du fourgon ID. Buzz. R\u00e9v\u00e9l\u00e9 au salon de la Caravane de D\u00fcsseldorf, ce van am\u00e9nag\u00e9 annonce une puissance de 286 ch pour 460 km d&rsquo;autonomie WLTP gr\u00e2ce \u00e0 une batterie de 86 kWh, soit deux fois moins de rayon d&rsquo;action <a href=https:\/\/www.automobile-magazine.fr\/camping-cars\/article\/52981-volkswagen-id-california-cruise-photos-infos-et-autonomies-du-premier-van-amenage-electrique-de-volkswagen alt='automobile magazine' target='blank'>Lire la suite&#8230;<\/a><\/p>\n","protected":false},"excerpt":{"rendered":"<div class=\"media_block\"><img decoding=\"async\" src=\"https:\/\/www.evearly.news\/fr\/wp-content\/uploads\/sites\/6\/2026\/09\/volkswagen-id-california-cruise-photos-infos-et-autonomies-du-premier-van-amenage-electrique-de-volkswagen.jpg\"><\/div>\n<p> <a class=\"continue-reading-link\" href=\"https:\/\/www.evearly.news\/fr\/volkswagen-id-california-cruise-photos-infos-et-autonomies-du-premier-van-amenage-electrique-de-volkswagen\/\"><\/a><\/p>\n","protected":false},"author":7,"featured_media":328617,"comment_status":"closed","ping_status":"open","sticky":false,"template":"Default","format":"standard","meta":{"footnotes":""},"categories":[7],"tags":[],"class_list":["post-328616","post","type-post","status-publish","format-standard","has-post-thumbnail","hentry","category-automobile-magazine"],"_links":{"self":[{"href":"https:\/\/www.evearly.news\/fr\/wp-json\/wp\/v2\/posts\/328616","targetHints":{"allow":["GET"]}}],"collection":[{"href":"https:\/\/www.evearly.news\/fr\/wp-json\/wp\/v2\/posts"}],"about":[{"href":"https:\/\/www.evearly.news\/fr\/wp-json\/wp\/v2\/types\/post"}],"author":[{"embeddable":true,"href":"https:\/\/www.evearly.news\/fr\/wp-json\/wp\/v2\/users\/7"}],"replies":[{"embeddable":true,"href":"https:\/\/www.evearly.news\/fr\/wp-json\/wp\/v2\/comments?post=328616"}],"version-history":[{"count":0,"href":"https:\/\/www.evearly.news\/fr\/wp-json\/wp\/v2\/posts\/328616\/revisions"}],"wp:featuredmedia":[{"embeddable":true,"href":"https:\/\/www.evearly.news\/fr\/wp-json\/wp\/v2\/media\/328617"}],"wp:attachment":[{"href":"https:\/\/www.evearly.news\/fr\/wp-json\/wp\/v2\/media?parent=328616"}],"wp:term":[{"taxonomy":"category","embeddable":true,"href":"https:\/\/www.evearly.news\/fr\/wp-json\/wp\/v2\/categories?post=328616"},{"taxonomy":"post_tag","embeddable":true,"href":"https:\/\/www.evearly.news\/fr\/wp-json\/wp\/v2\/tags?post=328616"}],"curies":[{"name":"wp","href":"https:\/\/api.w.org\/{rel}","templated":true}]}}