{"id":328627,"date":"2026-09-02T10:12:03","date_gmt":"2026-09-02T08:12:03","guid":{"rendered":"https:\/\/www.evearly.news\/fr\/voici-les-10-voitures-electriques-les-plus-vendues-en-france-cet-ete\/"},"modified":"2026-09-02T10:12:03","modified_gmt":"2026-09-02T08:12:03","slug":"voici-les-10-voitures-electriques-les-plus-vendues-en-france-cet-ete","status":"publish","type":"post","link":"https:\/\/www.evearly.news\/fr\/voici-les-10-voitures-electriques-les-plus-vendues-en-france-cet-ete\/","title":{"rendered":"Voici les 10 voitures \u00e9lectriques les plus vendues en France cet \u00e9t\u00e9"},"content":{"rendered":"<div class=\"media_block\"><img decoding=\"async\" src=\"https:\/\/www.evearly.news\/fr\/wp-content\/uploads\/sites\/6\/2026\/09\/voici-les-10-voitures-electriques-les-plus-vendues-en-france-cet-ete.jpg\"><\/div>\n<p>Jamais l\u2019\u00e9lectrique n\u2019avait pes\u00e9 aussi lourd dans les ventes de voitures neuves en France. En ao\u00fbt 2026, 36 159 mod\u00e8les \u00e0 batterie ont \u00e9t\u00e9 immatricul\u00e9s, soit 38 % du march\u00e9 et deux fois <a href=https:\/\/www.automobile-magazine.fr\/voitures-electriques\/article\/52983-voici-les-10-voitures-electriques-les-plus-vendues-en-france-cet-ete alt='automobile magazine' target='blank'>Lire la suite&#8230;<\/a><\/p>\n","protected":false},"excerpt":{"rendered":"<div class=\"media_block\"><img decoding=\"async\" src=\"https:\/\/www.evearly.news\/fr\/wp-content\/uploads\/sites\/6\/2026\/09\/voici-les-10-voitures-electriques-les-plus-vendues-en-france-cet-ete.jpg\"><\/div>\n<p> <a class=\"continue-reading-link\" href=\"https:\/\/www.evearly.news\/fr\/voici-les-10-voitures-electriques-les-plus-vendues-en-france-cet-ete\/\"><\/a><\/p>\n","protected":false},"author":7,"featured_media":328628,"comment_status":"closed","ping_status":"open","sticky":false,"template":"Default","format":"standard","meta":{"footnotes":""},"categories":[7],"tags":[],"class_list":["post-328627","post","type-post","status-publish","format-standard","has-post-thumbnail","hentry","category-automobile-magazine"],"_links":{"self":[{"href":"https:\/\/www.evearly.news\/fr\/wp-json\/wp\/v2\/posts\/328627","targetHints":{"allow":["GET"]}}],"collection":[{"href":"https:\/\/www.evearly.news\/fr\/wp-json\/wp\/v2\/posts"}],"about":[{"href":"https:\/\/www.evearly.news\/fr\/wp-json\/wp\/v2\/types\/post"}],"author":[{"embeddable":true,"href":"https:\/\/www.evearly.news\/fr\/wp-json\/wp\/v2\/users\/7"}],"replies":[{"embeddable":true,"href":"https:\/\/www.evearly.news\/fr\/wp-json\/wp\/v2\/comments?post=328627"}],"version-history":[{"count":0,"href":"https:\/\/www.evearly.news\/fr\/wp-json\/wp\/v2\/posts\/328627\/revisions"}],"wp:featuredmedia":[{"embeddable":true,"href":"https:\/\/www.evearly.news\/fr\/wp-json\/wp\/v2\/media\/328628"}],"wp:attachment":[{"href":"https:\/\/www.evearly.news\/fr\/wp-json\/wp\/v2\/media?parent=328627"}],"wp:term":[{"taxonomy":"category","embeddable":true,"href":"https:\/\/www.evearly.news\/fr\/wp-json\/wp\/v2\/categories?post=328627"},{"taxonomy":"post_tag","embeddable":true,"href":"https:\/\/www.evearly.news\/fr\/wp-json\/wp\/v2\/tags?post=328627"}],"curies":[{"name":"wp","href":"https:\/\/api.w.org\/{rel}","templated":true}]}}