{"id":328635,"date":"2026-09-02T12:45:00","date_gmt":"2026-09-02T10:45:00","guid":{"rendered":"https:\/\/www.evearly.news\/fr\/?p=328635"},"modified":"2026-09-02T12:45:00","modified_gmt":"2026-09-02T10:45:00","slug":"les-grandes-entreprises-portent-lelectrification-des-flottes-a-marche-forcee","status":"publish","type":"post","link":"https:\/\/www.evearly.news\/fr\/les-grandes-entreprises-portent-lelectrification-des-flottes-a-marche-forcee\/","title":{"rendered":"Les grandes entreprises portent l\u2019\u00e9lectrification des flottes \u00e0 marche forc\u00e9e"},"content":{"rendered":"<p><img decoding=\"async\" src=\"https:\/\/www.evearly.news\/fr\/wp-content\/uploads\/sites\/6\/2026\/09\/les-grandes-entreprises-portent-lelectrification-des-flottes-a-marche-forcee.jpg\" alt=\"caradisiac\" \n><br \/>En ao\u00fbt l\u2019\u00e9lectrique repr\u00e9sente pr\u00e8s de 42\u00a0% des voitures particuli\u00e8res immatricul\u00e9es sur le march\u00e9 professionnel. Une acc\u00e9l\u00e9ration largement port\u00e9e par les grandes entreprises sous l\u2019effet conjugu\u00e9 des obligations de verdissement et du durcissement de la fiscalit\u00e9. <a href=https:\/\/www.caradisiac.com\/les-grandes-entreprises-portent-l-electrification-des-flottes-a-marche-forcee-223807.htm#xtor=RSS-40 target=blank>Lire la suite&#8230;<\/a><\/p>\n","protected":false},"excerpt":{"rendered":"<p><img decoding=\"async\" src=\"https:\/\/www.evearly.news\/fr\/wp-content\/uploads\/sites\/6\/2026\/09\/les-grandes-entreprises-portent-lelectrification-des-flottes-a-marche-forcee.jpg\" alt=\"caradisiac\"><br \/>En ao\u00fbt l\u2019\u00e9lectrique repr\u00e9sente pr\u00e8s de 42\u00a0% des voitures particuli\u00e8res immatricul\u00e9es sur le march\u00e9 professionnel. Une acc\u00e9l\u00e9ration largement port\u00e9e par les grandes entreprises sous l\u2019effet conjugu\u00e9 des obligations de verdissement et du durcissement de la fiscalit\u00e9.<\/p>\n<p> <a class=\"continue-reading-link\" href=\"https:\/\/www.evearly.news\/fr\/les-grandes-entreprises-portent-lelectrification-des-flottes-a-marche-forcee\/\"><\/a><\/p>\n","protected":false},"author":11,"featured_media":328636,"comment_status":"closed","ping_status":"open","sticky":false,"template":"Default","format":"standard","meta":{"footnotes":""},"categories":[11],"tags":[],"class_list":["post-328635","post","type-post","status-publish","format-standard","has-post-thumbnail","hentry","category-caradisiac"],"_links":{"self":[{"href":"https:\/\/www.evearly.news\/fr\/wp-json\/wp\/v2\/posts\/328635","targetHints":{"allow":["GET"]}}],"collection":[{"href":"https:\/\/www.evearly.news\/fr\/wp-json\/wp\/v2\/posts"}],"about":[{"href":"https:\/\/www.evearly.news\/fr\/wp-json\/wp\/v2\/types\/post"}],"author":[{"embeddable":true,"href":"https:\/\/www.evearly.news\/fr\/wp-json\/wp\/v2\/users\/11"}],"replies":[{"embeddable":true,"href":"https:\/\/www.evearly.news\/fr\/wp-json\/wp\/v2\/comments?post=328635"}],"version-history":[{"count":1,"href":"https:\/\/www.evearly.news\/fr\/wp-json\/wp\/v2\/posts\/328635\/revisions"}],"predecessor-version":[{"id":328649,"href":"https:\/\/www.evearly.news\/fr\/wp-json\/wp\/v2\/posts\/328635\/revisions\/328649"}],"wp:featuredmedia":[{"embeddable":true,"href":"https:\/\/www.evearly.news\/fr\/wp-json\/wp\/v2\/media\/328636"}],"wp:attachment":[{"href":"https:\/\/www.evearly.news\/fr\/wp-json\/wp\/v2\/media?parent=328635"}],"wp:term":[{"taxonomy":"category","embeddable":true,"href":"https:\/\/www.evearly.news\/fr\/wp-json\/wp\/v2\/categories?post=328635"},{"taxonomy":"post_tag","embeddable":true,"href":"https:\/\/www.evearly.news\/fr\/wp-json\/wp\/v2\/tags?post=328635"}],"curies":[{"name":"wp","href":"https:\/\/api.w.org\/{rel}","templated":true}]}}