{"id":328637,"date":"2026-09-02T12:14:27","date_gmt":"2026-09-02T10:14:27","guid":{"rendered":"https:\/\/www.evearly.news\/fr\/polestar-4-suv-le-suv-electrique-premium-qui-mise-sur-lespace-et-lautonomie\/"},"modified":"2026-09-02T12:14:27","modified_gmt":"2026-09-02T10:14:27","slug":"polestar-4-suv-le-suv-electrique-premium-qui-mise-sur-lespace-et-lautonomie","status":"publish","type":"post","link":"https:\/\/www.evearly.news\/fr\/polestar-4-suv-le-suv-electrique-premium-qui-mise-sur-lespace-et-lautonomie\/","title":{"rendered":"Polestar 4 SUV : le SUV \u00e9lectrique premium qui mise sur l\u2019espace et l\u2019autonomie"},"content":{"rendered":"<p><img decoding=\"async\" src=\"https:\/\/www.evearly.news\/fr\/wp-content\/uploads\/sites\/6\/2026\/09\/polestar-4-suv-le-suv-electrique-premium-qui-mise-sur-lespace-et-lautonomie.jpg\" alt=\"Polestar 4 SUV : le SUV \u00e9lectrique premium qui mise sur l\u2019espace et l\u2019autonomie\"><br \/>Polestar lance officiellement le 4 SUV ce 2 septembre 2026. La marque su\u00e9doise d\u00e9cline ainsi son coup\u00e9 \u00e9lectrique en version SUV \u00e0 part enti\u00e8re. L&#8217;objectif est double : conserver l&#8217;ADN sportif de la marque et s\u00e9duire une client\u00e8le plus familiale. Pour y parvenir, Polestar affiche un prix d&#8217;entr\u00e9e de 56 800 euros. Une carrosserie repens\u00e9e \u00e0 l&#8217;arri\u00e8re, une identit\u00e9 pr\u00e9serv\u00e9e\u2026 <a href=https:\/\/electriquemag.fr\/polestar-4-suv\/ target='bwindow'>Lire la suite&#8230;<\/a><\/p>\n","protected":false},"excerpt":{"rendered":"<p>&#8230; <a class=\"continue-reading-link\" href=\"https:\/\/www.evearly.news\/fr\/polestar-4-suv-le-suv-electrique-premium-qui-mise-sur-lespace-et-lautonomie\/\"><\/a><\/p>\n","protected":false},"author":13,"featured_media":328638,"comment_status":"closed","ping_status":"open","sticky":false,"template":"Default","format":"standard","meta":{"footnotes":""},"categories":[13],"tags":[],"class_list":["post-328637","post","type-post","status-publish","format-standard","has-post-thumbnail","hentry","category-electriquemag"],"_links":{"self":[{"href":"https:\/\/www.evearly.news\/fr\/wp-json\/wp\/v2\/posts\/328637","targetHints":{"allow":["GET"]}}],"collection":[{"href":"https:\/\/www.evearly.news\/fr\/wp-json\/wp\/v2\/posts"}],"about":[{"href":"https:\/\/www.evearly.news\/fr\/wp-json\/wp\/v2\/types\/post"}],"author":[{"embeddable":true,"href":"https:\/\/www.evearly.news\/fr\/wp-json\/wp\/v2\/users\/13"}],"replies":[{"embeddable":true,"href":"https:\/\/www.evearly.news\/fr\/wp-json\/wp\/v2\/comments?post=328637"}],"version-history":[{"count":0,"href":"https:\/\/www.evearly.news\/fr\/wp-json\/wp\/v2\/posts\/328637\/revisions"}],"wp:featuredmedia":[{"embeddable":true,"href":"https:\/\/www.evearly.news\/fr\/wp-json\/wp\/v2\/media\/328638"}],"wp:attachment":[{"href":"https:\/\/www.evearly.news\/fr\/wp-json\/wp\/v2\/media?parent=328637"}],"wp:term":[{"taxonomy":"category","embeddable":true,"href":"https:\/\/www.evearly.news\/fr\/wp-json\/wp\/v2\/categories?post=328637"},{"taxonomy":"post_tag","embeddable":true,"href":"https:\/\/www.evearly.news\/fr\/wp-json\/wp\/v2\/tags?post=328637"}],"curies":[{"name":"wp","href":"https:\/\/api.w.org\/{rel}","templated":true}]}}