{"id":328639,"date":"2026-09-02T12:17:18","date_gmt":"2026-09-02T10:17:18","guid":{"rendered":"https:\/\/www.evearly.news\/fr\/lopel-corsa-redevient-une-sportive-280-ch-et-un-prix-qui-fait-mal-a-ses-rivales\/"},"modified":"2026-09-02T12:17:18","modified_gmt":"2026-09-02T10:17:18","slug":"lopel-corsa-redevient-une-sportive-280-ch-et-un-prix-qui-fait-mal-a-ses-rivales","status":"publish","type":"post","link":"https:\/\/www.evearly.news\/fr\/lopel-corsa-redevient-une-sportive-280-ch-et-un-prix-qui-fait-mal-a-ses-rivales\/","title":{"rendered":"L\u2019Opel Corsa redevient une sportive : 280 ch et un prix qui fait mal \u00e0 ses rivales"},"content":{"rendered":"<div class=\"media_block\"><img decoding=\"async\" src=\"https:\/\/www.evearly.news\/fr\/wp-content\/uploads\/sites\/6\/2026\/09\/lopel-corsa-redevient-une-sportive-280-ch-et-un-prix-qui-fait-mal-a-ses-rivales.jpg\"><\/div>\n<p>La Corsa renoue avec la sportivit\u00e9, mais sans moteur essence sous le capot. La nouvelle Opel Corsa GSE d\u00e9veloppe 280 ch, abat le 0 \u00e0 100 km\/h en 5,5 secondes et re\u00e7oit un diff\u00e9rentiel <a href=https:\/\/www.automobile-magazine.fr\/voitures-electriques\/article\/52987-lopel-corsa-redevient-une-sportive-280-ch-et-un-prix-qui-fait-mal-a-ses-rivales alt='automobile magazine' target='blank'>Lire la suite&#8230;<\/a><\/p>\n","protected":false},"excerpt":{"rendered":"<div class=\"media_block\"><img decoding=\"async\" src=\"https:\/\/www.evearly.news\/fr\/wp-content\/uploads\/sites\/6\/2026\/09\/lopel-corsa-redevient-une-sportive-280-ch-et-un-prix-qui-fait-mal-a-ses-rivales.jpg\"><\/div>\n<p> <a class=\"continue-reading-link\" href=\"https:\/\/www.evearly.news\/fr\/lopel-corsa-redevient-une-sportive-280-ch-et-un-prix-qui-fait-mal-a-ses-rivales\/\"><\/a><\/p>\n","protected":false},"author":7,"featured_media":328640,"comment_status":"closed","ping_status":"open","sticky":false,"template":"Default","format":"standard","meta":{"footnotes":""},"categories":[7],"tags":[],"class_list":["post-328639","post","type-post","status-publish","format-standard","has-post-thumbnail","hentry","category-automobile-magazine"],"_links":{"self":[{"href":"https:\/\/www.evearly.news\/fr\/wp-json\/wp\/v2\/posts\/328639","targetHints":{"allow":["GET"]}}],"collection":[{"href":"https:\/\/www.evearly.news\/fr\/wp-json\/wp\/v2\/posts"}],"about":[{"href":"https:\/\/www.evearly.news\/fr\/wp-json\/wp\/v2\/types\/post"}],"author":[{"embeddable":true,"href":"https:\/\/www.evearly.news\/fr\/wp-json\/wp\/v2\/users\/7"}],"replies":[{"embeddable":true,"href":"https:\/\/www.evearly.news\/fr\/wp-json\/wp\/v2\/comments?post=328639"}],"version-history":[{"count":0,"href":"https:\/\/www.evearly.news\/fr\/wp-json\/wp\/v2\/posts\/328639\/revisions"}],"wp:featuredmedia":[{"embeddable":true,"href":"https:\/\/www.evearly.news\/fr\/wp-json\/wp\/v2\/media\/328640"}],"wp:attachment":[{"href":"https:\/\/www.evearly.news\/fr\/wp-json\/wp\/v2\/media?parent=328639"}],"wp:term":[{"taxonomy":"category","embeddable":true,"href":"https:\/\/www.evearly.news\/fr\/wp-json\/wp\/v2\/categories?post=328639"},{"taxonomy":"post_tag","embeddable":true,"href":"https:\/\/www.evearly.news\/fr\/wp-json\/wp\/v2\/tags?post=328639"}],"curies":[{"name":"wp","href":"https:\/\/api.w.org\/{rel}","templated":true}]}}