{"id":328645,"date":"2026-09-02T12:18:46","date_gmt":"2026-09-02T10:18:46","guid":{"rendered":"https:\/\/www.evearly.news\/fr\/ce-tesla-model-y-a-perdu-23-de-batterie-en-180-000-km-et-ce-nest-pas-a-cause-des-charges-rapides\/"},"modified":"2026-09-02T12:18:46","modified_gmt":"2026-09-02T10:18:46","slug":"ce-tesla-model-y-a-perdu-23-de-batterie-en-180-000-km-et-ce-nest-pas-a-cause-des-charges-rapides","status":"publish","type":"post","link":"https:\/\/www.evearly.news\/fr\/ce-tesla-model-y-a-perdu-23-de-batterie-en-180-000-km-et-ce-nest-pas-a-cause-des-charges-rapides\/","title":{"rendered":"Ce Tesla Model Y a perdu 23 % de batterie en 180 000 km, et ce n\u2019est pas \u00e0 cause des charges rapides"},"content":{"rendered":"<p><img width=\"1200\" height=\"675\" src=\"https:\/\/www.evearly.news\/fr\/wp-content\/uploads\/sites\/6\/2026\/09\/ce-tesla-model-y-a-perdu-23-de-batterie-en-180-000-km-et-ce-nest-pas-a-cause-des-charges-rapides.jpg\" class=\"attachment-full size-full wp-post-image\" alt=\"\" decoding=\"async\" loading=\"lazy\" \/<br \/>\nCe Tesla Model Y a parcouru pr\u00e8s de 180 000 km en trois ans, mais sa batterie aurait d\u00e9j\u00e0 perdu jusqu&rsquo;\u00e0 23 % de sa capacit\u00e9. Et contrairement \u00e0 ce que l&rsquo;on pourrait penser, il a tr\u00e8s peu utilis\u00e9 les Superchargeurs.<br \/>\n <a href=https:\/\/www.frandroid.com\/marques\/tesla\/3229465_ce-tesla-model-y-a-perdu-23-de-batterie-en-180-000-km-et-ce-nest-pas-a-cause-des-charges-rapides target='bwindow'>Lire la suite&#8230;<\/a><\/p>\n","protected":false},"excerpt":{"rendered":"<p>&lt;img width=&quot;1200&quot; height=&quot;675&quot; src=&quot;https:\/\/www.evearly.news\/fr\/wp-content\/uploads\/sites\/6\/2026\/09\/ce-tesla-model-y-a-perdu-23-de-batterie-en-180-000-km-et-ce-nest-pas-a-cause-des-charges-rapides.jpg&quot; class=&quot;attachment-full size-full wp-post-image&quot; alt=&quot;&quot; decoding=&quot;async&quot; loading=&quot;lazy&quot; \/<br \/>\nCe Tesla Model Y a parcouru pr\u00e8s de 180 000 km en trois ans, mais sa batterie aurait d\u00e9j\u00e0 perdu jusqu&rsquo;\u00e0 23 % de sa capacit\u00e9. Et contrairement \u00e0 ce que l&rsquo;on pourrait penser, il a tr\u00e8s peu utilis\u00e9 les Superchargeurs.\n<\/p>\n<p> <a class=\"continue-reading-link\" href=\"https:\/\/www.evearly.news\/fr\/ce-tesla-model-y-a-perdu-23-de-batterie-en-180-000-km-et-ce-nest-pas-a-cause-des-charges-rapides\/\"><\/a><\/p>\n","protected":false},"author":6,"featured_media":328646,"comment_status":"closed","ping_status":"open","sticky":false,"template":"Default","format":"standard","meta":{"footnotes":""},"categories":[14],"tags":[],"class_list":["post-328645","post","type-post","status-publish","format-standard","has-post-thumbnail","hentry","category-frandroid"],"_links":{"self":[{"href":"https:\/\/www.evearly.news\/fr\/wp-json\/wp\/v2\/posts\/328645","targetHints":{"allow":["GET"]}}],"collection":[{"href":"https:\/\/www.evearly.news\/fr\/wp-json\/wp\/v2\/posts"}],"about":[{"href":"https:\/\/www.evearly.news\/fr\/wp-json\/wp\/v2\/types\/post"}],"author":[{"embeddable":true,"href":"https:\/\/www.evearly.news\/fr\/wp-json\/wp\/v2\/users\/6"}],"replies":[{"embeddable":true,"href":"https:\/\/www.evearly.news\/fr\/wp-json\/wp\/v2\/comments?post=328645"}],"version-history":[{"count":0,"href":"https:\/\/www.evearly.news\/fr\/wp-json\/wp\/v2\/posts\/328645\/revisions"}],"wp:featuredmedia":[{"embeddable":true,"href":"https:\/\/www.evearly.news\/fr\/wp-json\/wp\/v2\/media\/328646"}],"wp:attachment":[{"href":"https:\/\/www.evearly.news\/fr\/wp-json\/wp\/v2\/media?parent=328645"}],"wp:term":[{"taxonomy":"category","embeddable":true,"href":"https:\/\/www.evearly.news\/fr\/wp-json\/wp\/v2\/categories?post=328645"},{"taxonomy":"post_tag","embeddable":true,"href":"https:\/\/www.evearly.news\/fr\/wp-json\/wp\/v2\/tags?post=328645"}],"curies":[{"name":"wp","href":"https:\/\/api.w.org\/{rel}","templated":true}]}}