{"id":328650,"date":"2026-09-02T13:00:05","date_gmt":"2026-09-02T11:00:05","guid":{"rendered":"https:\/\/www.evearly.news\/fr\/peugeot-e-2008-ce-que-disent-les-avis-de-proprietaires-en-ligne\/"},"modified":"2026-09-02T13:00:05","modified_gmt":"2026-09-02T11:00:05","slug":"peugeot-e-2008-ce-que-disent-les-avis-de-proprietaires-en-ligne","status":"publish","type":"post","link":"https:\/\/www.evearly.news\/fr\/peugeot-e-2008-ce-que-disent-les-avis-de-proprietaires-en-ligne\/","title":{"rendered":"Peugeot e-2008 : ce que disent les avis de propri\u00e9taires en ligne"},"content":{"rendered":"<p><img loading=\"lazy\" decoding=\"async\" width=\"500\" height=\"333\" src=\"https:\/\/www.evearly.news\/fr\/wp-content\/uploads\/sites\/6\/2026\/09\/peugeot-e-2008-ce-que-disent-les-avis-de-proprietaires-en-ligne.jpg\" class=\"attachment-1200x800 size-1200x800 wp-post-image\" alt=\"Peugeot e-2008 \u00e9lectrique, SUV compact vu de face avec sa calandre massive\" \/><br \/>\nAvant de r\u00e9server un essai, autant savoir ce qu&rsquo;en pensent ceux qui roulent d\u00e9j\u00e0 au quotidien. Nous avons pass\u00e9 au\u2026\u00a0<a href=https:\/\/www.automobile-propre.com\/articles\/peugeot-e2008-avis-en-ligne\/ target='bwindow'>Lire la suite&#8230;<\/a><\/p>\n","protected":false},"excerpt":{"rendered":"<p>&#8230; <a class=\"continue-reading-link\" href=\"https:\/\/www.evearly.news\/fr\/peugeot-e-2008-ce-que-disent-les-avis-de-proprietaires-en-ligne\/\"><\/a><\/p>\n","protected":false},"author":8,"featured_media":328651,"comment_status":"closed","ping_status":"open","sticky":false,"template":"Default","format":"standard","meta":{"footnotes":""},"categories":[8],"tags":[],"class_list":["post-328650","post","type-post","status-publish","format-standard","has-post-thumbnail","hentry","category-automobile-propre"],"_links":{"self":[{"href":"https:\/\/www.evearly.news\/fr\/wp-json\/wp\/v2\/posts\/328650","targetHints":{"allow":["GET"]}}],"collection":[{"href":"https:\/\/www.evearly.news\/fr\/wp-json\/wp\/v2\/posts"}],"about":[{"href":"https:\/\/www.evearly.news\/fr\/wp-json\/wp\/v2\/types\/post"}],"author":[{"embeddable":true,"href":"https:\/\/www.evearly.news\/fr\/wp-json\/wp\/v2\/users\/8"}],"replies":[{"embeddable":true,"href":"https:\/\/www.evearly.news\/fr\/wp-json\/wp\/v2\/comments?post=328650"}],"version-history":[{"count":0,"href":"https:\/\/www.evearly.news\/fr\/wp-json\/wp\/v2\/posts\/328650\/revisions"}],"wp:featuredmedia":[{"embeddable":true,"href":"https:\/\/www.evearly.news\/fr\/wp-json\/wp\/v2\/media\/328651"}],"wp:attachment":[{"href":"https:\/\/www.evearly.news\/fr\/wp-json\/wp\/v2\/media?parent=328650"}],"wp:term":[{"taxonomy":"category","embeddable":true,"href":"https:\/\/www.evearly.news\/fr\/wp-json\/wp\/v2\/categories?post=328650"},{"taxonomy":"post_tag","embeddable":true,"href":"https:\/\/www.evearly.news\/fr\/wp-json\/wp\/v2\/tags?post=328650"}],"curies":[{"name":"wp","href":"https:\/\/api.w.org\/{rel}","templated":true}]}}