{"id":328654,"date":"2026-09-02T14:11:13","date_gmt":"2026-09-02T12:11:13","guid":{"rendered":"https:\/\/www.evearly.news\/fr\/polestar-fait-marche-arriere-la-marque-remet-enfin-une-vitre-sur-le-coffre-de-sa-nouvelle-voiture-electrique-la-polestar-4-suv\/"},"modified":"2026-09-02T14:11:13","modified_gmt":"2026-09-02T12:11:13","slug":"polestar-fait-marche-arriere-la-marque-remet-enfin-une-vitre-sur-le-coffre-de-sa-nouvelle-voiture-electrique-la-polestar-4-suv","status":"publish","type":"post","link":"https:\/\/www.evearly.news\/fr\/polestar-fait-marche-arriere-la-marque-remet-enfin-une-vitre-sur-le-coffre-de-sa-nouvelle-voiture-electrique-la-polestar-4-suv\/","title":{"rendered":"Polestar fait marche arri\u00e8re : la marque remet (enfin) une vitre sur le coffre de sa nouvelle voiture \u00e9lectrique, la Polestar 4 SUV"},"content":{"rendered":"<p><img width=\"1200\" height=\"675\" src=\"https:\/\/www.evearly.news\/fr\/wp-content\/uploads\/sites\/6\/2026\/09\/polestar-fait-marche-arriere-la-marque-remet-enfin-une-vitre-sur-le-coffre-de-sa-nouvelle-voiture-electrique-la-polestar-4-suv.jpg\" class=\"attachment-full size-full wp-post-image\" alt=\"\" decoding=\"async\" loading=\"lazy\" \/<br \/>\nTrois ans apr\u00e8s son lancement, la Polestar 4 se d\u00e9cline d\u00e9sormais en une nouvelle version SUV. La voiture \u00e9lectrique s\u2019offre (enfin) une lunette arri\u00e8re, mais surtout, elle fait le plein de technologies de pointe.<br \/>\n <a href=https:\/\/www.frandroid.com\/marques\/polestar\/3229809_polestar-fait-marche-arriere-la-marque-remet-enfin-une-vitre-sur-le-coffre-de-sa-nouvelle-voiture-electrique-la-polestar-4-suv target='bwindow'>Lire la suite&#8230;<\/a><\/p>\n","protected":false},"excerpt":{"rendered":"<p>&lt;img width=&quot;1200&quot; height=&quot;675&quot; src=&quot;https:\/\/www.evearly.news\/fr\/wp-content\/uploads\/sites\/6\/2026\/09\/polestar-fait-marche-arriere-la-marque-remet-enfin-une-vitre-sur-le-coffre-de-sa-nouvelle-voiture-electrique-la-polestar-4-suv.jpg&quot; class=&quot;attachment-full size-full wp-post-image&quot; alt=&quot;&quot; decoding=&quot;async&quot; loading=&quot;lazy&quot; \/<br \/>\nTrois ans apr\u00e8s son lancement, la Polestar 4 se d\u00e9cline d\u00e9sormais en une nouvelle version SUV. La voiture \u00e9lectrique s\u2019offre (enfin) une lunette arri\u00e8re, mais surtout, elle fait le plein de technologies de pointe.\n<\/p>\n<p> <a class=\"continue-reading-link\" href=\"https:\/\/www.evearly.news\/fr\/polestar-fait-marche-arriere-la-marque-remet-enfin-une-vitre-sur-le-coffre-de-sa-nouvelle-voiture-electrique-la-polestar-4-suv\/\"><\/a><\/p>\n","protected":false},"author":6,"featured_media":328655,"comment_status":"closed","ping_status":"open","sticky":false,"template":"Default","format":"standard","meta":{"footnotes":""},"categories":[14],"tags":[],"class_list":["post-328654","post","type-post","status-publish","format-standard","has-post-thumbnail","hentry","category-frandroid"],"_links":{"self":[{"href":"https:\/\/www.evearly.news\/fr\/wp-json\/wp\/v2\/posts\/328654","targetHints":{"allow":["GET"]}}],"collection":[{"href":"https:\/\/www.evearly.news\/fr\/wp-json\/wp\/v2\/posts"}],"about":[{"href":"https:\/\/www.evearly.news\/fr\/wp-json\/wp\/v2\/types\/post"}],"author":[{"embeddable":true,"href":"https:\/\/www.evearly.news\/fr\/wp-json\/wp\/v2\/users\/6"}],"replies":[{"embeddable":true,"href":"https:\/\/www.evearly.news\/fr\/wp-json\/wp\/v2\/comments?post=328654"}],"version-history":[{"count":0,"href":"https:\/\/www.evearly.news\/fr\/wp-json\/wp\/v2\/posts\/328654\/revisions"}],"wp:featuredmedia":[{"embeddable":true,"href":"https:\/\/www.evearly.news\/fr\/wp-json\/wp\/v2\/media\/328655"}],"wp:attachment":[{"href":"https:\/\/www.evearly.news\/fr\/wp-json\/wp\/v2\/media?parent=328654"}],"wp:term":[{"taxonomy":"category","embeddable":true,"href":"https:\/\/www.evearly.news\/fr\/wp-json\/wp\/v2\/categories?post=328654"},{"taxonomy":"post_tag","embeddable":true,"href":"https:\/\/www.evearly.news\/fr\/wp-json\/wp\/v2\/tags?post=328654"}],"curies":[{"name":"wp","href":"https:\/\/api.w.org\/{rel}","templated":true}]}}