{"id":328662,"date":"2026-09-02T15:14:58","date_gmt":"2026-09-02T13:14:58","guid":{"rendered":"https:\/\/www.evearly.news\/fr\/polestar-4-suv-une-nouvelle-carrosserie-plus-habitable-pour-la-familiale-electrique\/"},"modified":"2026-09-02T15:14:58","modified_gmt":"2026-09-02T13:14:58","slug":"polestar-4-suv-une-nouvelle-carrosserie-plus-habitable-pour-la-familiale-electrique","status":"publish","type":"post","link":"https:\/\/www.evearly.news\/fr\/polestar-4-suv-une-nouvelle-carrosserie-plus-habitable-pour-la-familiale-electrique\/","title":{"rendered":"Polestar 4 SUV : une nouvelle carrosserie plus habitable pour la familiale \u00e9lectrique"},"content":{"rendered":"<div class=\"media_block\"><img decoding=\"async\" src=\"https:\/\/www.evearly.news\/fr\/wp-content\/uploads\/sites\/6\/2026\/09\/polestar-4-suv-une-nouvelle-carrosserie-plus-habitable-pour-la-familiale-electrique.jpg\"><\/div>\n<p>Il n\u2019aura fallu que 48 nouvelles pi\u00e8ces \u00e0 Polestar pour donner un tout autre visage \u00e0 sa 4. La nouvelle variante SUV conserve l\u2019essentiel du mod\u00e8le actuel, mais revoit profond\u00e9ment son arri\u00e8re pour gagner en <a href=https:\/\/www.automobile-magazine.fr\/nouveautes\/article\/52989-polestar-4-suv-une-nouvelle-carrosserie-plus-habitable-pour-la-familiale-electrique alt='automobile magazine' target='blank'>Lire la suite&#8230;<\/a><\/p>\n","protected":false},"excerpt":{"rendered":"<div class=\"media_block\"><img decoding=\"async\" src=\"https:\/\/www.evearly.news\/fr\/wp-content\/uploads\/sites\/6\/2026\/09\/polestar-4-suv-une-nouvelle-carrosserie-plus-habitable-pour-la-familiale-electrique.jpg\"><\/div>\n<p> <a class=\"continue-reading-link\" href=\"https:\/\/www.evearly.news\/fr\/polestar-4-suv-une-nouvelle-carrosserie-plus-habitable-pour-la-familiale-electrique\/\"><\/a><\/p>\n","protected":false},"author":7,"featured_media":328663,"comment_status":"closed","ping_status":"open","sticky":false,"template":"Default","format":"standard","meta":{"footnotes":""},"categories":[7],"tags":[],"class_list":["post-328662","post","type-post","status-publish","format-standard","has-post-thumbnail","hentry","category-automobile-magazine"],"_links":{"self":[{"href":"https:\/\/www.evearly.news\/fr\/wp-json\/wp\/v2\/posts\/328662","targetHints":{"allow":["GET"]}}],"collection":[{"href":"https:\/\/www.evearly.news\/fr\/wp-json\/wp\/v2\/posts"}],"about":[{"href":"https:\/\/www.evearly.news\/fr\/wp-json\/wp\/v2\/types\/post"}],"author":[{"embeddable":true,"href":"https:\/\/www.evearly.news\/fr\/wp-json\/wp\/v2\/users\/7"}],"replies":[{"embeddable":true,"href":"https:\/\/www.evearly.news\/fr\/wp-json\/wp\/v2\/comments?post=328662"}],"version-history":[{"count":0,"href":"https:\/\/www.evearly.news\/fr\/wp-json\/wp\/v2\/posts\/328662\/revisions"}],"wp:featuredmedia":[{"embeddable":true,"href":"https:\/\/www.evearly.news\/fr\/wp-json\/wp\/v2\/media\/328663"}],"wp:attachment":[{"href":"https:\/\/www.evearly.news\/fr\/wp-json\/wp\/v2\/media?parent=328662"}],"wp:term":[{"taxonomy":"category","embeddable":true,"href":"https:\/\/www.evearly.news\/fr\/wp-json\/wp\/v2\/categories?post=328662"},{"taxonomy":"post_tag","embeddable":true,"href":"https:\/\/www.evearly.news\/fr\/wp-json\/wp\/v2\/tags?post=328662"}],"curies":[{"name":"wp","href":"https:\/\/api.w.org\/{rel}","templated":true}]}}