{"id":328664,"date":"2026-09-02T15:15:36","date_gmt":"2026-09-02T13:15:36","guid":{"rendered":"https:\/\/www.evearly.news\/fr\/actualite-marche-automobile-francais-en-aout-2026-lelectrique-bat-des-records-mene-par-la-tesla-model-y\/"},"modified":"2026-09-02T15:15:36","modified_gmt":"2026-09-02T13:15:36","slug":"actualite-marche-automobile-francais-en-aout-2026-lelectrique-bat-des-records-mene-par-la-tesla-model-y","status":"publish","type":"post","link":"https:\/\/www.evearly.news\/fr\/actualite-marche-automobile-francais-en-aout-2026-lelectrique-bat-des-records-mene-par-la-tesla-model-y\/","title":{"rendered":"Actualit\u00e9 : March\u00e9 automobile fran\u00e7ais\u00a0: en ao\u00fbt 2026, l&rsquo;\u00e9lectrique bat des records, men\u00e9 par la Tesla Model\u00a0Y"},"content":{"rendered":"<p><img src='https:\/\/www.evearly.news\/fr\/wp-content\/uploads\/sites\/6\/2026\/09\/actualite-marche-automobile-francais-en-aout-2026-lelectrique-bat-des-records-mene-par-la-tesla-model-y.jpg' alt='Les Num\u00e9riques' \/>Les v\u00e9hicules \u00e9lectriques ont le vent en poupe en France. C&rsquo;est le principal constat qui ressort des derniers chiffres de vente d&rsquo;ao\u00fbt 2026, tandis que la Tesla Model Y creuse l&rsquo;\u00e9cart avec ses concurrentes. <a href=https:\/\/www.lesnumeriques.com\/voiture-electrique\/marche-automobile-francais-en-aout-2026-l-electrique-bat-des-records-mene-par-la-tesla-model-y-n261261.html target='blank'>Lire la suite&#8230;<\/a><\/p>\n","protected":false},"excerpt":{"rendered":"<p>Les v\u00e9hicules \u00e9lectriques ont le vent en poupe en France. C&rsquo;est le principal constat qui ressort des derniers chiffres de vente d&rsquo;ao\u00fbt 2026, tandis que la Tesla Model Y creuse l&rsquo;\u00e9cart&#8230; <a class=\"continue-reading-link\" href=\"https:\/\/www.evearly.news\/fr\/actualite-marche-automobile-francais-en-aout-2026-lelectrique-bat-des-records-mene-par-la-tesla-model-y\/\"><\/a><\/p>\n","protected":false},"author":15,"featured_media":328665,"comment_status":"closed","ping_status":"open","sticky":false,"template":"Default","format":"standard","meta":{"footnotes":""},"categories":[16],"tags":[],"class_list":["post-328664","post","type-post","status-publish","format-standard","has-post-thumbnail","hentry","category-lesnumeriques"],"_links":{"self":[{"href":"https:\/\/www.evearly.news\/fr\/wp-json\/wp\/v2\/posts\/328664","targetHints":{"allow":["GET"]}}],"collection":[{"href":"https:\/\/www.evearly.news\/fr\/wp-json\/wp\/v2\/posts"}],"about":[{"href":"https:\/\/www.evearly.news\/fr\/wp-json\/wp\/v2\/types\/post"}],"author":[{"embeddable":true,"href":"https:\/\/www.evearly.news\/fr\/wp-json\/wp\/v2\/users\/15"}],"replies":[{"embeddable":true,"href":"https:\/\/www.evearly.news\/fr\/wp-json\/wp\/v2\/comments?post=328664"}],"version-history":[{"count":0,"href":"https:\/\/www.evearly.news\/fr\/wp-json\/wp\/v2\/posts\/328664\/revisions"}],"wp:featuredmedia":[{"embeddable":true,"href":"https:\/\/www.evearly.news\/fr\/wp-json\/wp\/v2\/media\/328665"}],"wp:attachment":[{"href":"https:\/\/www.evearly.news\/fr\/wp-json\/wp\/v2\/media?parent=328664"}],"wp:term":[{"taxonomy":"category","embeddable":true,"href":"https:\/\/www.evearly.news\/fr\/wp-json\/wp\/v2\/categories?post=328664"},{"taxonomy":"post_tag","embeddable":true,"href":"https:\/\/www.evearly.news\/fr\/wp-json\/wp\/v2\/tags?post=328664"}],"curies":[{"name":"wp","href":"https:\/\/api.w.org\/{rel}","templated":true}]}}