{"id":328668,"date":"2026-09-02T17:11:54","date_gmt":"2026-09-02T15:11:54","guid":{"rendered":"https:\/\/www.evearly.news\/fr\/comment-byd-et-catl-veulent-tuer-le-moteur-thermique-avec-la-recharge-en-5-minutes-notre-analyse-en-video\/"},"modified":"2026-09-02T17:11:54","modified_gmt":"2026-09-02T15:11:54","slug":"comment-byd-et-catl-veulent-tuer-le-moteur-thermique-avec-la-recharge-en-5-minutes-notre-analyse-en-video","status":"publish","type":"post","link":"https:\/\/www.evearly.news\/fr\/comment-byd-et-catl-veulent-tuer-le-moteur-thermique-avec-la-recharge-en-5-minutes-notre-analyse-en-video\/","title":{"rendered":"Comment BYD et CATL veulent tuer le moteur thermique avec la recharge en 5 minutes : notre analyse en vid\u00e9o"},"content":{"rendered":"<p><img width=\"1200\" height=\"675\" src=\"https:\/\/www.evearly.news\/fr\/wp-content\/uploads\/sites\/6\/2026\/09\/comment-byd-et-catl-veulent-tuer-le-moteur-thermique-avec-la-recharge-en-5-minutes-notre-analyse-en-video.jpg\" class=\"attachment-full size-full wp-post-image\" alt=\"Pourquoi BYD vient d\u2019achever le moteur thermique avec ces 2 technos\" decoding=\"async\" fetchpriority=\"high\" \/<br \/>\nAvec une autonomie franchissant les 1 000 kilom\u00e8tres et une recharge compl\u00e8te exp\u00e9di\u00e9e en moins de dix minutes, BYD et le g\u00e9ant CATL frappent un grand coup. Notre derni\u00e8re vid\u00e9o revient en d\u00e9tail sur ces deux technologies qui pourraient bien sceller le sort du moteur thermique.<br \/>\n <a href=https:\/\/www.frandroid.com\/video\/3230625_comment-byd-et-catl-veulent-tuer-le-moteur-thermique-avec-la-recharge-en-5-minutes-notre-analyse-en-video target='bwindow'>Lire la suite&#8230;<\/a><\/p>\n","protected":false},"excerpt":{"rendered":"<p>&lt;img width=&quot;1200&quot; height=&quot;675&quot; src=&quot;https:\/\/www.evearly.news\/fr\/wp-content\/uploads\/sites\/6\/2026\/09\/comment-byd-et-catl-veulent-tuer-le-moteur-thermique-avec-la-recharge-en-5-minutes-notre-analyse-en-video.jpg&quot; class=&quot;attachment-full size-full wp-post-image&quot; alt=&quot;Pourquoi BYD vient d\u2019achever le moteur thermique avec ces 2 technos&quot; decoding=&quot;async&quot; fetchpriority=&quot;high&quot; \/<br \/>\nAvec une autonomie franchissant les 1 000 kilom\u00e8tres et une recharge compl\u00e8te exp\u00e9di\u00e9e en moins de dix minutes, BYD et le g\u00e9ant CATL frappent un grand coup. Notre derni\u00e8re vid\u00e9o revient en d\u00e9tail sur ces deux technologies qui pourraient bien sceller le sort du moteur thermique.\n<\/p>\n<p> <a class=\"continue-reading-link\" href=\"https:\/\/www.evearly.news\/fr\/comment-byd-et-catl-veulent-tuer-le-moteur-thermique-avec-la-recharge-en-5-minutes-notre-analyse-en-video\/\"><\/a><\/p>\n","protected":false},"author":6,"featured_media":328669,"comment_status":"closed","ping_status":"open","sticky":false,"template":"Default","format":"standard","meta":{"footnotes":""},"categories":[14],"tags":[],"class_list":["post-328668","post","type-post","status-publish","format-standard","has-post-thumbnail","hentry","category-frandroid"],"_links":{"self":[{"href":"https:\/\/www.evearly.news\/fr\/wp-json\/wp\/v2\/posts\/328668","targetHints":{"allow":["GET"]}}],"collection":[{"href":"https:\/\/www.evearly.news\/fr\/wp-json\/wp\/v2\/posts"}],"about":[{"href":"https:\/\/www.evearly.news\/fr\/wp-json\/wp\/v2\/types\/post"}],"author":[{"embeddable":true,"href":"https:\/\/www.evearly.news\/fr\/wp-json\/wp\/v2\/users\/6"}],"replies":[{"embeddable":true,"href":"https:\/\/www.evearly.news\/fr\/wp-json\/wp\/v2\/comments?post=328668"}],"version-history":[{"count":0,"href":"https:\/\/www.evearly.news\/fr\/wp-json\/wp\/v2\/posts\/328668\/revisions"}],"wp:featuredmedia":[{"embeddable":true,"href":"https:\/\/www.evearly.news\/fr\/wp-json\/wp\/v2\/media\/328669"}],"wp:attachment":[{"href":"https:\/\/www.evearly.news\/fr\/wp-json\/wp\/v2\/media?parent=328668"}],"wp:term":[{"taxonomy":"category","embeddable":true,"href":"https:\/\/www.evearly.news\/fr\/wp-json\/wp\/v2\/categories?post=328668"},{"taxonomy":"post_tag","embeddable":true,"href":"https:\/\/www.evearly.news\/fr\/wp-json\/wp\/v2\/tags?post=328668"}],"curies":[{"name":"wp","href":"https:\/\/api.w.org\/{rel}","templated":true}]}}