{"id":328672,"date":"2026-09-02T20:04:46","date_gmt":"2026-09-02T18:04:46","guid":{"rendered":"https:\/\/www.evearly.news\/fr\/apres-lechec-de-leur-fusion-lan-dernier-nissan-et-honda-se-rapprochent-a-nouveau\/"},"modified":"2026-09-02T20:04:46","modified_gmt":"2026-09-02T18:04:46","slug":"apres-lechec-de-leur-fusion-lan-dernier-nissan-et-honda-se-rapprochent-a-nouveau","status":"publish","type":"post","link":"https:\/\/www.evearly.news\/fr\/apres-lechec-de-leur-fusion-lan-dernier-nissan-et-honda-se-rapprochent-a-nouveau\/","title":{"rendered":"Apr\u00e8s l\u2019\u00e9chec de leur fusion l\u2019an dernier, Nissan et Honda se rapprochent \u00e0 nouveau"},"content":{"rendered":"<p><img decoding=\"async\" width=\"500\" height=\"333\" src=\"https:\/\/www.evearly.news\/fr\/wp-content\/uploads\/sites\/6\/2026\/09\/apres-lechec-de-leur-fusion-lan-dernier-nissan-et-honda-se-rapprochent-a-nouveau.jpg\" class=\"attachment-1200x800 size-1200x800 wp-post-image\" alt=\"\" loading=\"lazy\" srcset=\"https:\/\/www.evearly.news\/fr\/wp-content\/uploads\/sites\/6\/2026\/09\/apres-lechec-de-leur-fusion-lan-dernier-nissan-et-honda-se-rapprochent-a-nouveau.jpg 1200w, https:\/\/www.evearly.news\/fr\/wp-content\/uploads\/sites\/6\/2026\/09\/apres-lechec-de-leur-fusion-lan-dernier-nissan-et-honda-se-rapprochent-a-nouveau-1.jpg 1024w, https:\/\/www.evearly.news\/fr\/wp-content\/uploads\/sites\/6\/2026\/09\/apres-lechec-de-leur-fusion-lan-dernier-nissan-et-honda-se-rapprochent-a-nouveau-2.jpg 140w, https:\/\/www.evearly.news\/fr\/wp-content\/uploads\/sites\/6\/2026\/09\/apres-lechec-de-leur-fusion-lan-dernier-nissan-et-honda-se-rapprochent-a-nouveau-3.jpg 768w, https:\/\/www.evearly.news\/fr\/wp-content\/uploads\/sites\/6\/2026\/09\/apres-lechec-de-leur-fusion-lan-dernier-nissan-et-honda-se-rapprochent-a-nouveau-4.jpg 700w, https:\/\/www.evearly.news\/fr\/wp-content\/uploads\/sites\/6\/2026\/09\/apres-lechec-de-leur-fusion-lan-dernier-nissan-et-honda-se-rapprochent-a-nouveau-5.jpg 960w, https:\/\/cdn.automobile-propre.com\/uploads\/2026\/07\/Supertest-Nissan-Leaf-75kWh-67-100x66.jpg 100w\" sizes=\"auto, (max-width: 1200px) 100vw, 1200px\" \/><br \/>\nApr\u00e8s avoir abandonn\u00e9 leur projet de fusion d\u00e9but 2025, Nissan et Honda n\u2019ont pas pour autant coup\u00e9 les ponts. Les\u2026\u00a0<a href=https:\/\/www.automobile-propre.com\/articles\/apres-lechec-de-leur-fusion-nissan-et-honda-se-rapprochent-a-nouveau\/ target='bwindow'>Lire la suite&#8230;<\/a><\/p>\n","protected":false},"excerpt":{"rendered":"<p>&#8230; <a class=\"continue-reading-link\" href=\"https:\/\/www.evearly.news\/fr\/apres-lechec-de-leur-fusion-lan-dernier-nissan-et-honda-se-rapprochent-a-nouveau\/\"><\/a><\/p>\n","protected":false},"author":8,"featured_media":328673,"comment_status":"closed","ping_status":"open","sticky":false,"template":"Default","format":"standard","meta":{"footnotes":""},"categories":[8],"tags":[],"class_list":["post-328672","post","type-post","status-publish","format-standard","has-post-thumbnail","hentry","category-automobile-propre"],"_links":{"self":[{"href":"https:\/\/www.evearly.news\/fr\/wp-json\/wp\/v2\/posts\/328672","targetHints":{"allow":["GET"]}}],"collection":[{"href":"https:\/\/www.evearly.news\/fr\/wp-json\/wp\/v2\/posts"}],"about":[{"href":"https:\/\/www.evearly.news\/fr\/wp-json\/wp\/v2\/types\/post"}],"author":[{"embeddable":true,"href":"https:\/\/www.evearly.news\/fr\/wp-json\/wp\/v2\/users\/8"}],"replies":[{"embeddable":true,"href":"https:\/\/www.evearly.news\/fr\/wp-json\/wp\/v2\/comments?post=328672"}],"version-history":[{"count":0,"href":"https:\/\/www.evearly.news\/fr\/wp-json\/wp\/v2\/posts\/328672\/revisions"}],"wp:featuredmedia":[{"embeddable":true,"href":"https:\/\/www.evearly.news\/fr\/wp-json\/wp\/v2\/media\/328673"}],"wp:attachment":[{"href":"https:\/\/www.evearly.news\/fr\/wp-json\/wp\/v2\/media?parent=328672"}],"wp:term":[{"taxonomy":"category","embeddable":true,"href":"https:\/\/www.evearly.news\/fr\/wp-json\/wp\/v2\/categories?post=328672"},{"taxonomy":"post_tag","embeddable":true,"href":"https:\/\/www.evearly.news\/fr\/wp-json\/wp\/v2\/tags?post=328672"}],"curies":[{"name":"wp","href":"https:\/\/api.w.org\/{rel}","templated":true}]}}