{"id":328676,"date":"2026-09-03T10:00:05","date_gmt":"2026-09-03T08:00:05","guid":{"rendered":"https:\/\/www.evearly.news\/fr\/hyundai-relance-en-france-la-version-sportive-de-ioniq-6\/"},"modified":"2026-09-03T10:00:05","modified_gmt":"2026-09-03T08:00:05","slug":"hyundai-relance-en-france-la-version-sportive-de-ioniq-6","status":"publish","type":"post","link":"https:\/\/www.evearly.news\/fr\/hyundai-relance-en-france-la-version-sportive-de-ioniq-6\/","title":{"rendered":"Hyundai relance en France la version sportive de Ioniq 6"},"content":{"rendered":"<p><img width=\"1000\" height=\"563\" src=\"https:\/\/www.evearly.news\/fr\/wp-content\/uploads\/sites\/6\/2026\/09\/hyundai-relance-en-france-la-version-sportive-de-ioniq-6.jpg\" class=\"attachment-post-thumbnail size-post-thumbnail wp-post-image\" alt=\"Hyundai Ioniq 6 N France\" decoding=\"async\" fetchpriority=\"high\" srcset=\"https:\/\/www.evearly.news\/fr\/wp-content\/uploads\/sites\/6\/2026\/09\/hyundai-relance-en-france-la-version-sportive-de-ioniq-6.jpg 1000w, https:\/\/www.evearly.news\/fr\/wp-content\/uploads\/sites\/6\/2026\/09\/hyundai-relance-en-france-la-version-sportive-de-ioniq-6-1.jpg 300w, https:\/\/www.evearly.news\/fr\/wp-content\/uploads\/sites\/6\/2026\/09\/hyundai-relance-en-france-la-version-sportive-de-ioniq-6-2.jpg 998w, https:\/\/www.avem.fr\/wp-content\/uploads\/2026\/09\/Hyndai-Ioniq-6-N-Une-768x432.jpg 768w\" sizes=\"(max-width: 1000px) 100vw, 1000px\" \/>Lanc\u00e9e en 2023, la Ioniq 6 n\u2019a pas trouv\u00e9 son public sur le march\u00e9 fran\u00e7ais o\u00f9 ses acheteurs furent tr\u00e8s peu nombreux. Aussi, lors de son restylage \u00e0 l\u2019\u00e9t\u00e9 2025, Hyundai d\u00e9cida de ne plus la commercialiser dans l\u2019hexagone. Aujourd\u2019hui, cette berline \u00e9lectrique s\u2019appr\u00eate \u00e0 faire son retour en France, [\u2026] <a href=https:\/\/www.avem.fr\/2026\/09\/03\/hyundai-relance-en-france-la-version-sportive-de-ioniq-6\/ target=blank>Lire la suite&#8230;<\/a><\/p>\n","protected":false},"excerpt":{"rendered":"<p><img loading=\"lazy\" decoding=\"async\" width=\"1000\" height=\"563\" src=\"https:\/\/www.evearly.news\/fr\/wp-content\/uploads\/sites\/6\/2026\/09\/hyundai-relance-en-france-la-version-sportive-de-ioniq-6.jpg\" class=\"attachment-post-thumbnail size-post-thumbnail wp-post-image\" alt=\"Hyundai Ioniq 6 N France\" \/>Lanc\u00e9e en 2023, la Ioniq 6 n\u2019a pas trouv\u00e9 son public sur le march\u00e9 fran\u00e7ais o\u00f9 ses acheteurs furent tr\u00e8s peu nombreux. Aussi, lors de son restylage \u00e0 l\u2019\u00e9t\u00e9 2025, Hyundai d\u00e9cida de ne plus la commercialiser dans l\u2019hexagone. Aujourd\u2019hui, cette berline \u00e9lectrique s\u2019appr\u00eate \u00e0 faire son retour en France, [\u2026] <a class=\"continue-reading-link\" href=\"https:\/\/www.evearly.news\/fr\/hyundai-relance-en-france-la-version-sportive-de-ioniq-6\/\"><\/a><\/p>\n","protected":false},"author":3,"featured_media":328677,"comment_status":"closed","ping_status":"open","sticky":false,"template":"Default","format":"standard","meta":{"footnotes":""},"categories":[3],"tags":[],"class_list":["post-328676","post","type-post","status-publish","format-standard","has-post-thumbnail","hentry","category-avem"],"_links":{"self":[{"href":"https:\/\/www.evearly.news\/fr\/wp-json\/wp\/v2\/posts\/328676","targetHints":{"allow":["GET"]}}],"collection":[{"href":"https:\/\/www.evearly.news\/fr\/wp-json\/wp\/v2\/posts"}],"about":[{"href":"https:\/\/www.evearly.news\/fr\/wp-json\/wp\/v2\/types\/post"}],"author":[{"embeddable":true,"href":"https:\/\/www.evearly.news\/fr\/wp-json\/wp\/v2\/users\/3"}],"replies":[{"embeddable":true,"href":"https:\/\/www.evearly.news\/fr\/wp-json\/wp\/v2\/comments?post=328676"}],"version-history":[{"count":0,"href":"https:\/\/www.evearly.news\/fr\/wp-json\/wp\/v2\/posts\/328676\/revisions"}],"wp:featuredmedia":[{"embeddable":true,"href":"https:\/\/www.evearly.news\/fr\/wp-json\/wp\/v2\/media\/328677"}],"wp:attachment":[{"href":"https:\/\/www.evearly.news\/fr\/wp-json\/wp\/v2\/media?parent=328676"}],"wp:term":[{"taxonomy":"category","embeddable":true,"href":"https:\/\/www.evearly.news\/fr\/wp-json\/wp\/v2\/categories?post=328676"},{"taxonomy":"post_tag","embeddable":true,"href":"https:\/\/www.evearly.news\/fr\/wp-json\/wp\/v2\/tags?post=328676"}],"curies":[{"name":"wp","href":"https:\/\/api.w.org\/{rel}","templated":true}]}}