{"id":328686,"date":"2026-09-03T12:15:02","date_gmt":"2026-09-03T10:15:02","guid":{"rendered":"https:\/\/www.evearly.news\/fr\/nouveau-range-rover-electrique-nos-premieres-impressions-a-bord-du-suv-de-28-tonnes\/"},"modified":"2026-09-03T12:15:02","modified_gmt":"2026-09-03T10:15:02","slug":"nouveau-range-rover-electrique-nos-premieres-impressions-a-bord-du-suv-de-28-tonnes","status":"publish","type":"post","link":"https:\/\/www.evearly.news\/fr\/nouveau-range-rover-electrique-nos-premieres-impressions-a-bord-du-suv-de-28-tonnes\/","title":{"rendered":"Nouveau Range Rover \u00e9lectrique : nos premi\u00e8res impressions \u00e0 bord du SUV de 2,8 tonnes"},"content":{"rendered":"<div class=\"media_block\"><img decoding=\"async\" src=\"https:\/\/www.evearly.news\/fr\/wp-content\/uploads\/sites\/6\/2026\/09\/nouveau-range-rover-electrique-nos-premieres-impressions-a-bord-du-suv-de-28-tonnes.jpg\"><\/div>\n<p>Il a fallu attendre deux ans avant de le voir d\u00e9barquer, mais le Range \u00e9lectrique est enfin l\u00e0. Avec ses 118,5 kWh utiles, il s\u2019impose comme l\u2019un des SUV dot\u00e9 de l\u2019une des plus grosses batteries. Mais entre sa taille et son poids, ce n\u2019est pas celui qui <a href=https:\/\/www.automobile-magazine.fr\/voitures-electriques\/article\/52993-nouveau-range-rover-electrique-nos-premieres-impressions-a-bord-du-suv-de-28-tonnes alt='automobile magazine' target='blank'>Lire la suite&#8230;<\/a><\/p>\n","protected":false},"excerpt":{"rendered":"<div class=\"media_block\"><img decoding=\"async\" src=\"https:\/\/www.evearly.news\/fr\/wp-content\/uploads\/sites\/6\/2026\/09\/nouveau-range-rover-electrique-nos-premieres-impressions-a-bord-du-suv-de-28-tonnes.jpg\"><\/div>\n<p> <a class=\"continue-reading-link\" href=\"https:\/\/www.evearly.news\/fr\/nouveau-range-rover-electrique-nos-premieres-impressions-a-bord-du-suv-de-28-tonnes\/\"><\/a><\/p>\n","protected":false},"author":7,"featured_media":328687,"comment_status":"closed","ping_status":"open","sticky":false,"template":"Default","format":"standard","meta":{"footnotes":""},"categories":[7],"tags":[],"class_list":["post-328686","post","type-post","status-publish","format-standard","has-post-thumbnail","hentry","category-automobile-magazine"],"_links":{"self":[{"href":"https:\/\/www.evearly.news\/fr\/wp-json\/wp\/v2\/posts\/328686","targetHints":{"allow":["GET"]}}],"collection":[{"href":"https:\/\/www.evearly.news\/fr\/wp-json\/wp\/v2\/posts"}],"about":[{"href":"https:\/\/www.evearly.news\/fr\/wp-json\/wp\/v2\/types\/post"}],"author":[{"embeddable":true,"href":"https:\/\/www.evearly.news\/fr\/wp-json\/wp\/v2\/users\/7"}],"replies":[{"embeddable":true,"href":"https:\/\/www.evearly.news\/fr\/wp-json\/wp\/v2\/comments?post=328686"}],"version-history":[{"count":0,"href":"https:\/\/www.evearly.news\/fr\/wp-json\/wp\/v2\/posts\/328686\/revisions"}],"wp:featuredmedia":[{"embeddable":true,"href":"https:\/\/www.evearly.news\/fr\/wp-json\/wp\/v2\/media\/328687"}],"wp:attachment":[{"href":"https:\/\/www.evearly.news\/fr\/wp-json\/wp\/v2\/media?parent=328686"}],"wp:term":[{"taxonomy":"category","embeddable":true,"href":"https:\/\/www.evearly.news\/fr\/wp-json\/wp\/v2\/categories?post=328686"},{"taxonomy":"post_tag","embeddable":true,"href":"https:\/\/www.evearly.news\/fr\/wp-json\/wp\/v2\/tags?post=328686"}],"curies":[{"name":"wp","href":"https:\/\/api.w.org\/{rel}","templated":true}]}}