{"id":328697,"date":"2026-09-03T14:04:52","date_gmt":"2026-09-03T12:04:52","guid":{"rendered":"https:\/\/www.evearly.news\/fr\/actualite-elon-musk-tente-de-seduire-la-france-avec-sa-conduite-autonome-deux-tesla-debutent-les-essais-sur-route-a-un-mois-du-vote-europeen\/"},"modified":"2026-09-03T14:04:52","modified_gmt":"2026-09-03T12:04:52","slug":"actualite-elon-musk-tente-de-seduire-la-france-avec-sa-conduite-autonome-deux-tesla-debutent-les-essais-sur-route-a-un-mois-du-vote-europeen","status":"publish","type":"post","link":"https:\/\/www.evearly.news\/fr\/actualite-elon-musk-tente-de-seduire-la-france-avec-sa-conduite-autonome-deux-tesla-debutent-les-essais-sur-route-a-un-mois-du-vote-europeen\/","title":{"rendered":"Actualit\u00e9 : Elon Musk tente de s\u00e9duire la France avec sa conduite autonome\u00a0: deux Tesla d\u00e9butent les essais sur route \u00e0 un mois du vote europ\u00e9en"},"content":{"rendered":"<p><img src='https:\/\/www.evearly.news\/fr\/wp-content\/uploads\/sites\/6\/2026\/09\/actualite-elon-musk-tente-de-seduire-la-france-avec-sa-conduite-autonome-deux-tesla-debutent-les-essais-sur-route-a-un-mois-du-vote-europeen.jpg' alt='Les Num\u00e9riques' \/>L\u2019op\u00e9ration s\u00e9duction continue pour Elon Musk et sa conduite autonome, qui commence \u00e0 rallier la France \u00e0 sa cause \u00e0 l\u2019approche d\u2019un vote crucial pour son adoption par l\u2019Union europ\u00e9enne. <a href=https:\/\/www.lesnumeriques.com\/voiture-electrique\/elon-musk-tente-de-seduire-la-france-avec-sa-conduite-autonome-deux-tesla-debutent-les-essais-sur-route-a-un-mois-du-vote-europeen-n261313.html target='blank'>Lire la suite&#8230;<\/a><\/p>\n","protected":false},"excerpt":{"rendered":"<p>L\u2019op\u00e9ration s\u00e9duction continue pour Elon Musk et sa conduite autonome, qui commence \u00e0 rallier la France \u00e0 sa cause \u00e0 l\u2019approche d\u2019un vote crucial pour son adoption par l\u2019Union europ\u00e9enne&#8230;. <a class=\"continue-reading-link\" href=\"https:\/\/www.evearly.news\/fr\/actualite-elon-musk-tente-de-seduire-la-france-avec-sa-conduite-autonome-deux-tesla-debutent-les-essais-sur-route-a-un-mois-du-vote-europeen\/\"><\/a><\/p>\n","protected":false},"author":15,"featured_media":328698,"comment_status":"closed","ping_status":"open","sticky":false,"template":"Default","format":"standard","meta":{"footnotes":""},"categories":[16],"tags":[],"class_list":["post-328697","post","type-post","status-publish","format-standard","has-post-thumbnail","hentry","category-lesnumeriques"],"_links":{"self":[{"href":"https:\/\/www.evearly.news\/fr\/wp-json\/wp\/v2\/posts\/328697","targetHints":{"allow":["GET"]}}],"collection":[{"href":"https:\/\/www.evearly.news\/fr\/wp-json\/wp\/v2\/posts"}],"about":[{"href":"https:\/\/www.evearly.news\/fr\/wp-json\/wp\/v2\/types\/post"}],"author":[{"embeddable":true,"href":"https:\/\/www.evearly.news\/fr\/wp-json\/wp\/v2\/users\/15"}],"replies":[{"embeddable":true,"href":"https:\/\/www.evearly.news\/fr\/wp-json\/wp\/v2\/comments?post=328697"}],"version-history":[{"count":0,"href":"https:\/\/www.evearly.news\/fr\/wp-json\/wp\/v2\/posts\/328697\/revisions"}],"wp:featuredmedia":[{"embeddable":true,"href":"https:\/\/www.evearly.news\/fr\/wp-json\/wp\/v2\/media\/328698"}],"wp:attachment":[{"href":"https:\/\/www.evearly.news\/fr\/wp-json\/wp\/v2\/media?parent=328697"}],"wp:term":[{"taxonomy":"category","embeddable":true,"href":"https:\/\/www.evearly.news\/fr\/wp-json\/wp\/v2\/categories?post=328697"},{"taxonomy":"post_tag","embeddable":true,"href":"https:\/\/www.evearly.news\/fr\/wp-json\/wp\/v2\/tags?post=328697"}],"curies":[{"name":"wp","href":"https:\/\/api.w.org\/{rel}","templated":true}]}}