{"id":328701,"date":"2026-09-03T14:06:39","date_gmt":"2026-09-03T12:06:39","guid":{"rendered":"https:\/\/www.evearly.news\/fr\/malgre-ses-difficultes-lucid-va-vendre-ses-voitures-electriques-france\/"},"modified":"2026-09-03T14:06:39","modified_gmt":"2026-09-03T12:06:39","slug":"malgre-ses-difficultes-lucid-va-vendre-ses-voitures-electriques-france","status":"publish","type":"post","link":"https:\/\/www.evearly.news\/fr\/malgre-ses-difficultes-lucid-va-vendre-ses-voitures-electriques-france\/","title":{"rendered":"Malgr\u00e9 ses difficult\u00e9s, Lucid va vendre ses voitures \u00e9lectriques France"},"content":{"rendered":"<p><img width=\"1200\" height=\"675\" src=\"https:\/\/www.evearly.news\/fr\/wp-content\/uploads\/sites\/6\/2026\/09\/malgre-ses-difficultes-lucid-va-vendre-ses-voitures-electriques-france.jpg\" class=\"attachment-full size-full\" alt=\"\" decoding=\"async\" loading=\"lazy\" \/><br \/>\nLucid s&rsquo;associe au groupe Emil Frey pour vendre ses voitures \u00e9lectriques en France, avec une premi\u00e8re apparition au Mondial de l&rsquo;Auto en octobre. Un pari os\u00e9 pour une marque qui n&rsquo;\u00e9coule quasiment rien en Europe.<br \/>\n <a href=https:\/\/www.numerama.com\/vroom\/2324225-malgre-ses-difficultes-lucid-va-vendre-ses-voitures-electriques-france.html target=bwindow'>Lire la suite&#8230;<\/a><\/p>\n","protected":false},"excerpt":{"rendered":"<p>&#8230; <a class=\"continue-reading-link\" href=\"https:\/\/www.evearly.news\/fr\/malgre-ses-difficultes-lucid-va-vendre-ses-voitures-electriques-france\/\"><\/a><\/p>\n","protected":false},"author":16,"featured_media":328702,"comment_status":"closed","ping_status":"open","sticky":false,"template":"Default","format":"standard","meta":{"footnotes":""},"categories":[17],"tags":[],"class_list":["post-328701","post","type-post","status-publish","format-standard","has-post-thumbnail","hentry","category-numerama"],"_links":{"self":[{"href":"https:\/\/www.evearly.news\/fr\/wp-json\/wp\/v2\/posts\/328701","targetHints":{"allow":["GET"]}}],"collection":[{"href":"https:\/\/www.evearly.news\/fr\/wp-json\/wp\/v2\/posts"}],"about":[{"href":"https:\/\/www.evearly.news\/fr\/wp-json\/wp\/v2\/types\/post"}],"author":[{"embeddable":true,"href":"https:\/\/www.evearly.news\/fr\/wp-json\/wp\/v2\/users\/16"}],"replies":[{"embeddable":true,"href":"https:\/\/www.evearly.news\/fr\/wp-json\/wp\/v2\/comments?post=328701"}],"version-history":[{"count":0,"href":"https:\/\/www.evearly.news\/fr\/wp-json\/wp\/v2\/posts\/328701\/revisions"}],"wp:featuredmedia":[{"embeddable":true,"href":"https:\/\/www.evearly.news\/fr\/wp-json\/wp\/v2\/media\/328702"}],"wp:attachment":[{"href":"https:\/\/www.evearly.news\/fr\/wp-json\/wp\/v2\/media?parent=328701"}],"wp:term":[{"taxonomy":"category","embeddable":true,"href":"https:\/\/www.evearly.news\/fr\/wp-json\/wp\/v2\/categories?post=328701"},{"taxonomy":"post_tag","embeddable":true,"href":"https:\/\/www.evearly.news\/fr\/wp-json\/wp\/v2\/tags?post=328701"}],"curies":[{"name":"wp","href":"https:\/\/api.w.org\/{rel}","templated":true}]}}