{"id":328709,"date":"2026-09-03T17:09:48","date_gmt":"2026-09-03T15:09:48","guid":{"rendered":"https:\/\/www.evearly.news\/fr\/actualite-byd-la-hausse-des-exportations-compense-le-recul-de-ses-ventes-en-chine\/"},"modified":"2026-09-03T17:09:48","modified_gmt":"2026-09-03T15:09:48","slug":"actualite-byd-la-hausse-des-exportations-compense-le-recul-de-ses-ventes-en-chine","status":"publish","type":"post","link":"https:\/\/www.evearly.news\/fr\/actualite-byd-la-hausse-des-exportations-compense-le-recul-de-ses-ventes-en-chine\/","title":{"rendered":"Actualit\u00e9 : BYD : la hausse des exportations compense le recul de ses ventes en Chine"},"content":{"rendered":"<p><img src='https:\/\/www.evearly.news\/fr\/wp-content\/uploads\/sites\/6\/2026\/09\/actualite-byd-la-hausse-des-exportations-compense-le-recul-de-ses-ventes-en-chine.jpg' alt='Les Num\u00e9riques' \/>Face au violent recul de ses ventes sur le sol chinois, BYD tire son \u00e9pingle du jeu avec ses exportations, qui g\u00e9n\u00e8rent d\u00e9sormais plus de la moiti\u00e9 de ses revenus. La conqu\u00eate de l\u2019Ouest prend tout son sens pour le constructeur. <a href=https:\/\/www.lesnumeriques.com\/voiture\/byd-la-hausse-des-exportations-compense-le-recul-de-ses-ventes-en-chine-n261321.html target='blank'>Lire la suite&#8230;<\/a><\/p>\n","protected":false},"excerpt":{"rendered":"<p>Face au violent recul de ses ventes sur le sol chinois, BYD tire son \u00e9pingle du jeu avec ses exportations, qui g\u00e9n\u00e8rent d\u00e9sormais plus de la moiti\u00e9 de ses revenus. La&#8230; <a class=\"continue-reading-link\" href=\"https:\/\/www.evearly.news\/fr\/actualite-byd-la-hausse-des-exportations-compense-le-recul-de-ses-ventes-en-chine\/\"><\/a><\/p>\n","protected":false},"author":15,"featured_media":328710,"comment_status":"closed","ping_status":"open","sticky":false,"template":"Default","format":"standard","meta":{"footnotes":""},"categories":[16],"tags":[],"class_list":["post-328709","post","type-post","status-publish","format-standard","has-post-thumbnail","hentry","category-lesnumeriques"],"_links":{"self":[{"href":"https:\/\/www.evearly.news\/fr\/wp-json\/wp\/v2\/posts\/328709","targetHints":{"allow":["GET"]}}],"collection":[{"href":"https:\/\/www.evearly.news\/fr\/wp-json\/wp\/v2\/posts"}],"about":[{"href":"https:\/\/www.evearly.news\/fr\/wp-json\/wp\/v2\/types\/post"}],"author":[{"embeddable":true,"href":"https:\/\/www.evearly.news\/fr\/wp-json\/wp\/v2\/users\/15"}],"replies":[{"embeddable":true,"href":"https:\/\/www.evearly.news\/fr\/wp-json\/wp\/v2\/comments?post=328709"}],"version-history":[{"count":0,"href":"https:\/\/www.evearly.news\/fr\/wp-json\/wp\/v2\/posts\/328709\/revisions"}],"wp:featuredmedia":[{"embeddable":true,"href":"https:\/\/www.evearly.news\/fr\/wp-json\/wp\/v2\/media\/328710"}],"wp:attachment":[{"href":"https:\/\/www.evearly.news\/fr\/wp-json\/wp\/v2\/media?parent=328709"}],"wp:term":[{"taxonomy":"category","embeddable":true,"href":"https:\/\/www.evearly.news\/fr\/wp-json\/wp\/v2\/categories?post=328709"},{"taxonomy":"post_tag","embeddable":true,"href":"https:\/\/www.evearly.news\/fr\/wp-json\/wp\/v2\/tags?post=328709"}],"curies":[{"name":"wp","href":"https:\/\/api.w.org\/{rel}","templated":true}]}}