{"id":328719,"date":"2026-09-03T18:00:00","date_gmt":"2026-09-03T16:00:00","guid":{"rendered":"https:\/\/www.evearly.news\/fr\/nous-narrivions-pas-a-concurrencer-bmw-et-mercedes-le-patron-de-jaguar-nous-explique-son-incroyable-revirement\/"},"modified":"2026-09-03T18:00:00","modified_gmt":"2026-09-03T16:00:00","slug":"nous-narrivions-pas-a-concurrencer-bmw-et-mercedes-le-patron-de-jaguar-nous-explique-son-incroyable-revirement","status":"publish","type":"post","link":"https:\/\/www.evearly.news\/fr\/nous-narrivions-pas-a-concurrencer-bmw-et-mercedes-le-patron-de-jaguar-nous-explique-son-incroyable-revirement\/","title":{"rendered":"\u00ab\u00a0Nous n\u2019arrivions pas \u00e0 concurrencer BMW et Mercedes\u00a0\u00bb\u00a0: le patron de Jaguar nous explique son incroyable revirement"},"content":{"rendered":"<p><img decoding=\"async\" src=\"https:\/\/www.evearly.news\/fr\/wp-content\/uploads\/sites\/6\/2026\/09\/nous-narrivions-pas-a-concurrencer-bmw-et-mercedes-le-patron-de-jaguar-nous-explique-son-incroyable-revirement.jpg\" alt=\"caradisiac\" \n><br \/>Le tr\u00e8s gros changement strat\u00e9gique de Jaguar fait beaucoup parler depuis l\u2019ann\u00e9e derni\u00e8re. Rawdon Glover, le directeur de la marque anglaise, nous explique pourquoi il estime que ce revirement \u00e9tait n\u00e9cessaire pour garantir sa survie. <a href=https:\/\/www.caradisiac.com\/nous-n-arrivions-pas-a-concurrencer-bmw-et-mercedes-le-patron-de-jaguar-nous-explique-son-incroyable-revirement-223836.htm#xtor=RSS-40 target=blank>Lire la suite&#8230;<\/a><\/p>\n","protected":false},"excerpt":{"rendered":"<p><img decoding=\"async\" src=\"https:\/\/www.evearly.news\/fr\/wp-content\/uploads\/sites\/6\/2026\/09\/nous-narrivions-pas-a-concurrencer-bmw-et-mercedes-le-patron-de-jaguar-nous-explique-son-incroyable-revirement.jpg\" alt=\"caradisiac\"><br \/>Le tr\u00e8s gros changement strat\u00e9gique de Jaguar fait beaucoup parler depuis l\u2019ann\u00e9e derni\u00e8re. Rawdon Glover, le directeur de la marque anglaise, nous explique pourquoi il estime que ce revirement \u00e9tait n\u00e9cessaire pour garantir sa survie.<\/p>\n<p> <a class=\"continue-reading-link\" href=\"https:\/\/www.evearly.news\/fr\/nous-narrivions-pas-a-concurrencer-bmw-et-mercedes-le-patron-de-jaguar-nous-explique-son-incroyable-revirement\/\"><\/a><\/p>\n","protected":false},"author":11,"featured_media":328720,"comment_status":"closed","ping_status":"open","sticky":false,"template":"Default","format":"standard","meta":{"footnotes":""},"categories":[11],"tags":[],"class_list":["post-328719","post","type-post","status-publish","format-standard","has-post-thumbnail","hentry","category-caradisiac"],"_links":{"self":[{"href":"https:\/\/www.evearly.news\/fr\/wp-json\/wp\/v2\/posts\/328719","targetHints":{"allow":["GET"]}}],"collection":[{"href":"https:\/\/www.evearly.news\/fr\/wp-json\/wp\/v2\/posts"}],"about":[{"href":"https:\/\/www.evearly.news\/fr\/wp-json\/wp\/v2\/types\/post"}],"author":[{"embeddable":true,"href":"https:\/\/www.evearly.news\/fr\/wp-json\/wp\/v2\/users\/11"}],"replies":[{"embeddable":true,"href":"https:\/\/www.evearly.news\/fr\/wp-json\/wp\/v2\/comments?post=328719"}],"version-history":[{"count":0,"href":"https:\/\/www.evearly.news\/fr\/wp-json\/wp\/v2\/posts\/328719\/revisions"}],"wp:featuredmedia":[{"embeddable":true,"href":"https:\/\/www.evearly.news\/fr\/wp-json\/wp\/v2\/media\/328720"}],"wp:attachment":[{"href":"https:\/\/www.evearly.news\/fr\/wp-json\/wp\/v2\/media?parent=328719"}],"wp:term":[{"taxonomy":"category","embeddable":true,"href":"https:\/\/www.evearly.news\/fr\/wp-json\/wp\/v2\/categories?post=328719"},{"taxonomy":"post_tag","embeddable":true,"href":"https:\/\/www.evearly.news\/fr\/wp-json\/wp\/v2\/tags?post=328719"}],"curies":[{"name":"wp","href":"https:\/\/api.w.org\/{rel}","templated":true}]}}