{"id":328721,"date":"2026-09-03T18:04:51","date_gmt":"2026-09-03T16:04:51","guid":{"rendered":"https:\/\/www.evearly.news\/fr\/nissan-wave-voici-les-toutes-premieres-images-de-la-jumelle-de-la-twingo\/"},"modified":"2026-09-03T18:04:51","modified_gmt":"2026-09-03T16:04:51","slug":"nissan-wave-voici-les-toutes-premieres-images-de-la-jumelle-de-la-twingo","status":"publish","type":"post","link":"https:\/\/www.evearly.news\/fr\/nissan-wave-voici-les-toutes-premieres-images-de-la-jumelle-de-la-twingo\/","title":{"rendered":"Nissan Wave, voici les toutes premi\u00e8res images de la jumelle de la Twingo"},"content":{"rendered":"<div class=\"media_block\"><img decoding=\"async\" src=\"https:\/\/www.evearly.news\/fr\/wp-content\/uploads\/sites\/6\/2026\/09\/nissan-wave-voici-les-toutes-premieres-images-de-la-jumelle-de-la-twingo.jpg\"><\/div>\n<p>La future citadine \u00e9lectrique de Nissan, baptis\u00e9e Wave, a \u00e9t\u00e9 surprise lors de ses premiers essais en Espagne. D\u00e9velopp\u00e9e sur la plateforme AmpR Small de la Renault Twingo E-Tech, dont elle partage le vitrage et l&rsquo;essentiel de la carrosserie, cette cousine technique adopte toutefois des projecteurs carr\u00e9s et une poupe sp\u00e9cifique pour s&rsquo;en d\u00e9marquer. Assembl\u00e9e <a href=https:\/\/www.automobile-magazine.fr\/voitures-electriques\/article\/52986-nissan-wave-voici-les-toutes-premieres-images-de-la-jumelle-de-la-twingo alt='automobile magazine' target='blank'>Lire la suite&#8230;<\/a><\/p>\n","protected":false},"excerpt":{"rendered":"<div class=\"media_block\"><img decoding=\"async\" src=\"https:\/\/www.evearly.news\/fr\/wp-content\/uploads\/sites\/6\/2026\/09\/nissan-wave-voici-les-toutes-premieres-images-de-la-jumelle-de-la-twingo.jpg\"><\/div>\n<p> <a class=\"continue-reading-link\" href=\"https:\/\/www.evearly.news\/fr\/nissan-wave-voici-les-toutes-premieres-images-de-la-jumelle-de-la-twingo\/\"><\/a><\/p>\n","protected":false},"author":7,"featured_media":328722,"comment_status":"closed","ping_status":"open","sticky":false,"template":"Default","format":"standard","meta":{"footnotes":""},"categories":[7],"tags":[],"class_list":["post-328721","post","type-post","status-publish","format-standard","has-post-thumbnail","hentry","category-automobile-magazine"],"_links":{"self":[{"href":"https:\/\/www.evearly.news\/fr\/wp-json\/wp\/v2\/posts\/328721","targetHints":{"allow":["GET"]}}],"collection":[{"href":"https:\/\/www.evearly.news\/fr\/wp-json\/wp\/v2\/posts"}],"about":[{"href":"https:\/\/www.evearly.news\/fr\/wp-json\/wp\/v2\/types\/post"}],"author":[{"embeddable":true,"href":"https:\/\/www.evearly.news\/fr\/wp-json\/wp\/v2\/users\/7"}],"replies":[{"embeddable":true,"href":"https:\/\/www.evearly.news\/fr\/wp-json\/wp\/v2\/comments?post=328721"}],"version-history":[{"count":0,"href":"https:\/\/www.evearly.news\/fr\/wp-json\/wp\/v2\/posts\/328721\/revisions"}],"wp:featuredmedia":[{"embeddable":true,"href":"https:\/\/www.evearly.news\/fr\/wp-json\/wp\/v2\/media\/328722"}],"wp:attachment":[{"href":"https:\/\/www.evearly.news\/fr\/wp-json\/wp\/v2\/media?parent=328721"}],"wp:term":[{"taxonomy":"category","embeddable":true,"href":"https:\/\/www.evearly.news\/fr\/wp-json\/wp\/v2\/categories?post=328721"},{"taxonomy":"post_tag","embeddable":true,"href":"https:\/\/www.evearly.news\/fr\/wp-json\/wp\/v2\/tags?post=328721"}],"curies":[{"name":"wp","href":"https:\/\/api.w.org\/{rel}","templated":true}]}}