{"id":328733,"date":"2026-09-03T21:12:14","date_gmt":"2026-09-03T19:12:14","guid":{"rendered":"https:\/\/www.evearly.news\/fr\/tesla-precise-ce-qui-sest-vraiment-dit-entre-elon-musk-et-le-ministre-des-transports-a-propos-du-fsd\/"},"modified":"2026-09-03T21:12:14","modified_gmt":"2026-09-03T19:12:14","slug":"tesla-precise-ce-qui-sest-vraiment-dit-entre-elon-musk-et-le-ministre-des-transports-a-propos-du-fsd","status":"publish","type":"post","link":"https:\/\/www.evearly.news\/fr\/tesla-precise-ce-qui-sest-vraiment-dit-entre-elon-musk-et-le-ministre-des-transports-a-propos-du-fsd\/","title":{"rendered":"Tesla pr\u00e9cise ce qui s\u2019est vraiment dit entre Elon Musk et le ministre des Transports \u00e0 propos du FSD"},"content":{"rendered":"<p><img width=\"1200\" height=\"675\" src=\"https:\/\/www.evearly.news\/fr\/wp-content\/uploads\/sites\/6\/2026\/09\/tesla-precise-ce-qui-sest-vraiment-dit-entre-elon-musk-et-le-ministre-des-transports-a-propos-du-fsd.png\" class=\"attachment-full size-full wp-post-image\" alt=\"\" decoding=\"async\" loading=\"lazy\" \/<br \/>\nApr\u00e8s la visio entre Philippe Tabarot et Elon Musk, Tesla a envoy\u00e9 aux r\u00e9dactions une s\u00e9rie de pr\u00e9cisions. Non, le FSD n&rsquo;est pas approuv\u00e9, et non, les essais ne commencent pas aujourd&rsquo;hui. Ils durent depuis deux ans.<br \/>\n <a href=https:\/\/www.frandroid.com\/marques\/tesla\/3232199_tesla-precise-ce-qui-sest-vraiment-dit-entre-elon-musk-et-le-ministre-des-transports-a-propos-du-fsd target='bwindow'>Lire la suite&#8230;<\/a><\/p>\n","protected":false},"excerpt":{"rendered":"<p>&lt;img width=&quot;1200&quot; height=&quot;675&quot; src=&quot;https:\/\/www.evearly.news\/fr\/wp-content\/uploads\/sites\/6\/2026\/09\/tesla-precise-ce-qui-sest-vraiment-dit-entre-elon-musk-et-le-ministre-des-transports-a-propos-du-fsd.png&quot; class=&quot;attachment-full size-full wp-post-image&quot; alt=&quot;&quot; decoding=&quot;async&quot; loading=&quot;lazy&quot; \/<br \/>\nApr\u00e8s la visio entre Philippe Tabarot et Elon Musk, Tesla a envoy\u00e9 aux r\u00e9dactions une s\u00e9rie de pr\u00e9cisions. Non, le FSD n&rsquo;est pas approuv\u00e9, et non, les essais ne commencent pas aujourd&rsquo;hui. Ils durent depuis deux ans.\n<\/p>\n<p> <a class=\"continue-reading-link\" href=\"https:\/\/www.evearly.news\/fr\/tesla-precise-ce-qui-sest-vraiment-dit-entre-elon-musk-et-le-ministre-des-transports-a-propos-du-fsd\/\"><\/a><\/p>\n","protected":false},"author":6,"featured_media":328734,"comment_status":"closed","ping_status":"open","sticky":false,"template":"Default","format":"standard","meta":{"footnotes":""},"categories":[14],"tags":[],"class_list":["post-328733","post","type-post","status-publish","format-standard","has-post-thumbnail","hentry","category-frandroid"],"_links":{"self":[{"href":"https:\/\/www.evearly.news\/fr\/wp-json\/wp\/v2\/posts\/328733","targetHints":{"allow":["GET"]}}],"collection":[{"href":"https:\/\/www.evearly.news\/fr\/wp-json\/wp\/v2\/posts"}],"about":[{"href":"https:\/\/www.evearly.news\/fr\/wp-json\/wp\/v2\/types\/post"}],"author":[{"embeddable":true,"href":"https:\/\/www.evearly.news\/fr\/wp-json\/wp\/v2\/users\/6"}],"replies":[{"embeddable":true,"href":"https:\/\/www.evearly.news\/fr\/wp-json\/wp\/v2\/comments?post=328733"}],"version-history":[{"count":0,"href":"https:\/\/www.evearly.news\/fr\/wp-json\/wp\/v2\/posts\/328733\/revisions"}],"wp:featuredmedia":[{"embeddable":true,"href":"https:\/\/www.evearly.news\/fr\/wp-json\/wp\/v2\/media\/328734"}],"wp:attachment":[{"href":"https:\/\/www.evearly.news\/fr\/wp-json\/wp\/v2\/media?parent=328733"}],"wp:term":[{"taxonomy":"category","embeddable":true,"href":"https:\/\/www.evearly.news\/fr\/wp-json\/wp\/v2\/categories?post=328733"},{"taxonomy":"post_tag","embeddable":true,"href":"https:\/\/www.evearly.news\/fr\/wp-json\/wp\/v2\/tags?post=328733"}],"curies":[{"name":"wp","href":"https:\/\/api.w.org\/{rel}","templated":true}]}}