{"id":328735,"date":"2026-09-03T22:02:43","date_gmt":"2026-09-03T20:02:43","guid":{"rendered":"https:\/\/www.evearly.news\/fr\/une-nouvelle-marque-chinoise-arrive-en-france-avec-2-modeles-100-electriques\/"},"modified":"2026-09-03T22:02:43","modified_gmt":"2026-09-03T20:02:43","slug":"une-nouvelle-marque-chinoise-arrive-en-france-avec-2-modeles-100-electriques","status":"publish","type":"post","link":"https:\/\/www.evearly.news\/fr\/une-nouvelle-marque-chinoise-arrive-en-france-avec-2-modeles-100-electriques\/","title":{"rendered":"Une nouvelle marque chinoise arrive en France avec 2 mod\u00e8les 100% \u00e9lectriques"},"content":{"rendered":"<div class=\"media_block\"><img decoding=\"async\" src=\"https:\/\/www.evearly.news\/fr\/wp-content\/uploads\/sites\/6\/2026\/09\/une-nouvelle-marque-chinoise-arrive-en-france-avec-2-modeles-100-electriques.jpg\"><\/div>\n<p>Le march\u00e9 automobile fran\u00e7ais accueillera bient\u00f4t une nouvelle marque chinoise. GAC officialise l\u2019arriv\u00e9e d\u2019Aion dans l\u2019Hexagone avec deux mod\u00e8les \u00e9lectriques, la compacte UT et le SUV V, qui seront expos\u00e9s au Mondial <a href=https:\/\/www.automobile-magazine.fr\/voitures-electriques\/article\/53004-une-nouvelle-marque-chinoise-arrive-en-france-avec-2-modeles-100-electriques alt='automobile magazine' target='blank'>Lire la suite&#8230;<\/a><\/p>\n","protected":false},"excerpt":{"rendered":"<div class=\"media_block\"><img decoding=\"async\" src=\"https:\/\/www.evearly.news\/fr\/wp-content\/uploads\/sites\/6\/2026\/09\/une-nouvelle-marque-chinoise-arrive-en-france-avec-2-modeles-100-electriques.jpg\"><\/div>\n<p> <a class=\"continue-reading-link\" href=\"https:\/\/www.evearly.news\/fr\/une-nouvelle-marque-chinoise-arrive-en-france-avec-2-modeles-100-electriques\/\"><\/a><\/p>\n","protected":false},"author":7,"featured_media":328736,"comment_status":"closed","ping_status":"open","sticky":false,"template":"Default","format":"standard","meta":{"footnotes":""},"categories":[7],"tags":[],"class_list":["post-328735","post","type-post","status-publish","format-standard","has-post-thumbnail","hentry","category-automobile-magazine"],"_links":{"self":[{"href":"https:\/\/www.evearly.news\/fr\/wp-json\/wp\/v2\/posts\/328735","targetHints":{"allow":["GET"]}}],"collection":[{"href":"https:\/\/www.evearly.news\/fr\/wp-json\/wp\/v2\/posts"}],"about":[{"href":"https:\/\/www.evearly.news\/fr\/wp-json\/wp\/v2\/types\/post"}],"author":[{"embeddable":true,"href":"https:\/\/www.evearly.news\/fr\/wp-json\/wp\/v2\/users\/7"}],"replies":[{"embeddable":true,"href":"https:\/\/www.evearly.news\/fr\/wp-json\/wp\/v2\/comments?post=328735"}],"version-history":[{"count":0,"href":"https:\/\/www.evearly.news\/fr\/wp-json\/wp\/v2\/posts\/328735\/revisions"}],"wp:featuredmedia":[{"embeddable":true,"href":"https:\/\/www.evearly.news\/fr\/wp-json\/wp\/v2\/media\/328736"}],"wp:attachment":[{"href":"https:\/\/www.evearly.news\/fr\/wp-json\/wp\/v2\/media?parent=328735"}],"wp:term":[{"taxonomy":"category","embeddable":true,"href":"https:\/\/www.evearly.news\/fr\/wp-json\/wp\/v2\/categories?post=328735"},{"taxonomy":"post_tag","embeddable":true,"href":"https:\/\/www.evearly.news\/fr\/wp-json\/wp\/v2\/tags?post=328735"}],"curies":[{"name":"wp","href":"https:\/\/api.w.org\/{rel}","templated":true}]}}