{"id":328737,"date":"2026-09-04T00:03:57","date_gmt":"2026-09-03T22:03:57","guid":{"rendered":"https:\/\/www.evearly.news\/fr\/nouvelle-hyundai-ioniq-3-tous-les-prix-et-la-gamme-de-lelectrique-a-partir-de-29-995-e\/"},"modified":"2026-09-04T00:03:57","modified_gmt":"2026-09-03T22:03:57","slug":"nouvelle-hyundai-ioniq-3-tous-les-prix-et-la-gamme-de-lelectrique-a-partir-de-29-995-e","status":"publish","type":"post","link":"https:\/\/www.evearly.news\/fr\/nouvelle-hyundai-ioniq-3-tous-les-prix-et-la-gamme-de-lelectrique-a-partir-de-29-995-e\/","title":{"rendered":"Nouvelle Hyundai Ioniq 3 : tous les prix et la gamme de l\u2019\u00e9lectrique \u00e0 partir de 29 995 \u20ac"},"content":{"rendered":"<div class=\"media_block\"><img decoding=\"async\" src=\"https:\/\/www.evearly.news\/fr\/wp-content\/uploads\/sites\/6\/2026\/09\/nouvelle-hyundai-ioniq-3-tous-les-prix-et-la-gamme-de-lelectrique-a-partir-de-29-995-e.jpg\"><\/div>\n<p>La Hyundai Ioniq 3 est d\u00e9sormais disponible \u00e0 la commande en France. La nouvelle \u00e9lectrique cor\u00e9enne tient <a href=https:\/\/www.automobile-magazine.fr\/voitures-electriques\/article\/53006-nouvelle-hyundai-ioniq-3-tous-les-prix-et-la-gamme-de-lelectrique-a-partir-de-29-995-eur alt='automobile magazine' target='blank'>Lire la suite&#8230;<\/a><\/p>\n","protected":false},"excerpt":{"rendered":"<div class=\"media_block\"><img decoding=\"async\" src=\"https:\/\/www.evearly.news\/fr\/wp-content\/uploads\/sites\/6\/2026\/09\/nouvelle-hyundai-ioniq-3-tous-les-prix-et-la-gamme-de-lelectrique-a-partir-de-29-995-e.jpg\"><\/div>\n<p> <a class=\"continue-reading-link\" href=\"https:\/\/www.evearly.news\/fr\/nouvelle-hyundai-ioniq-3-tous-les-prix-et-la-gamme-de-lelectrique-a-partir-de-29-995-e\/\"><\/a><\/p>\n","protected":false},"author":7,"featured_media":328738,"comment_status":"closed","ping_status":"open","sticky":false,"template":"Default","format":"standard","meta":{"footnotes":""},"categories":[7],"tags":[],"class_list":["post-328737","post","type-post","status-publish","format-standard","has-post-thumbnail","hentry","category-automobile-magazine"],"_links":{"self":[{"href":"https:\/\/www.evearly.news\/fr\/wp-json\/wp\/v2\/posts\/328737","targetHints":{"allow":["GET"]}}],"collection":[{"href":"https:\/\/www.evearly.news\/fr\/wp-json\/wp\/v2\/posts"}],"about":[{"href":"https:\/\/www.evearly.news\/fr\/wp-json\/wp\/v2\/types\/post"}],"author":[{"embeddable":true,"href":"https:\/\/www.evearly.news\/fr\/wp-json\/wp\/v2\/users\/7"}],"replies":[{"embeddable":true,"href":"https:\/\/www.evearly.news\/fr\/wp-json\/wp\/v2\/comments?post=328737"}],"version-history":[{"count":0,"href":"https:\/\/www.evearly.news\/fr\/wp-json\/wp\/v2\/posts\/328737\/revisions"}],"wp:featuredmedia":[{"embeddable":true,"href":"https:\/\/www.evearly.news\/fr\/wp-json\/wp\/v2\/media\/328738"}],"wp:attachment":[{"href":"https:\/\/www.evearly.news\/fr\/wp-json\/wp\/v2\/media?parent=328737"}],"wp:term":[{"taxonomy":"category","embeddable":true,"href":"https:\/\/www.evearly.news\/fr\/wp-json\/wp\/v2\/categories?post=328737"},{"taxonomy":"post_tag","embeddable":true,"href":"https:\/\/www.evearly.news\/fr\/wp-json\/wp\/v2\/tags?post=328737"}],"curies":[{"name":"wp","href":"https:\/\/api.w.org\/{rel}","templated":true}]}}