{"id":328747,"date":"2026-09-04T12:00:31","date_gmt":"2026-09-04T10:00:31","guid":{"rendered":"https:\/\/www.evearly.news\/fr\/les-voitures-electriques-de-lucid-arrivent-en-france\/"},"modified":"2026-09-04T12:00:31","modified_gmt":"2026-09-04T10:00:31","slug":"les-voitures-electriques-de-lucid-arrivent-en-france","status":"publish","type":"post","link":"https:\/\/www.evearly.news\/fr\/les-voitures-electriques-de-lucid-arrivent-en-france\/","title":{"rendered":"Les voitures \u00e9lectriques de Lucid arrivent en France"},"content":{"rendered":"<p><img width=\"1000\" height=\"563\" src=\"https:\/\/www.evearly.news\/fr\/wp-content\/uploads\/sites\/6\/2026\/09\/les-voitures-electriques-de-lucid-arrivent-en-france.jpg\" class=\"attachment-post-thumbnail size-post-thumbnail wp-post-image\" alt=\"Arriv\u00e9e des voitures \u00e9lectriques Lucid en France\" decoding=\"async\" fetchpriority=\"high\" srcset=\"https:\/\/www.evearly.news\/fr\/wp-content\/uploads\/sites\/6\/2026\/09\/les-voitures-electriques-de-lucid-arrivent-en-france.jpg 1000w, https:\/\/www.evearly.news\/fr\/wp-content\/uploads\/sites\/6\/2026\/09\/les-voitures-electriques-de-lucid-arrivent-en-france-1.jpg 300w, https:\/\/www.evearly.news\/fr\/wp-content\/uploads\/sites\/6\/2026\/09\/les-voitures-electriques-de-lucid-arrivent-en-france-2.jpg 998w, https:\/\/www.avem.fr\/wp-content\/uploads\/2026\/09\/ACTG0904_Lucid-768x432.jpg 768w\" sizes=\"(max-width: 1000px) 100vw, 1000px\" \/>En s\u2019associant avec la division Import d\u2019Emil Frey France, la marque am\u00e9ricaine Lucid sous capitaux saoudien arrive chez nous avec ses deux voitures \u00e9lectriques Air et Gravity qui seront pr\u00e9sent\u00e9es le mois prochain au Mondial de l\u2019Auto 2026. \u00a0 Le partenariat Se pla\u00e7ant en concurrente directe des n\u00e9o-marques comme elle [\u2026] <a href=https:\/\/www.avem.fr\/2026\/09\/04\/les-voitures-electriques-de-lucid-arrivent-en-france\/ target=blank>Lire la suite&#8230;<\/a><\/p>\n","protected":false},"excerpt":{"rendered":"<p><img loading=\"lazy\" decoding=\"async\" width=\"1000\" height=\"563\" src=\"https:\/\/www.evearly.news\/fr\/wp-content\/uploads\/sites\/6\/2026\/09\/les-voitures-electriques-de-lucid-arrivent-en-france.jpg\" class=\"attachment-post-thumbnail size-post-thumbnail wp-post-image\" alt=\"Arriv\u00e9e des voitures \u00e9lectriques Lucid en France\" \/>En s\u2019associant avec la division Import d\u2019Emil Frey France, la marque am\u00e9ricaine Lucid sous capitaux saoudien arrive chez nous avec ses deux voitures \u00e9lectriques Air et Gravity qui seront pr\u00e9sent\u00e9es le mois prochain au Mondial de l\u2019Auto 2026. \u00a0 Le partenariat Se pla\u00e7ant en concurrente directe des n\u00e9o-marques comme elle [\u2026] <a class=\"continue-reading-link\" href=\"https:\/\/www.evearly.news\/fr\/les-voitures-electriques-de-lucid-arrivent-en-france\/\"><\/a><\/p>\n","protected":false},"author":3,"featured_media":328748,"comment_status":"closed","ping_status":"open","sticky":false,"template":"Default","format":"standard","meta":{"footnotes":""},"categories":[3],"tags":[],"class_list":["post-328747","post","type-post","status-publish","format-standard","has-post-thumbnail","hentry","category-avem"],"_links":{"self":[{"href":"https:\/\/www.evearly.news\/fr\/wp-json\/wp\/v2\/posts\/328747","targetHints":{"allow":["GET"]}}],"collection":[{"href":"https:\/\/www.evearly.news\/fr\/wp-json\/wp\/v2\/posts"}],"about":[{"href":"https:\/\/www.evearly.news\/fr\/wp-json\/wp\/v2\/types\/post"}],"author":[{"embeddable":true,"href":"https:\/\/www.evearly.news\/fr\/wp-json\/wp\/v2\/users\/3"}],"replies":[{"embeddable":true,"href":"https:\/\/www.evearly.news\/fr\/wp-json\/wp\/v2\/comments?post=328747"}],"version-history":[{"count":0,"href":"https:\/\/www.evearly.news\/fr\/wp-json\/wp\/v2\/posts\/328747\/revisions"}],"wp:featuredmedia":[{"embeddable":true,"href":"https:\/\/www.evearly.news\/fr\/wp-json\/wp\/v2\/media\/328748"}],"wp:attachment":[{"href":"https:\/\/www.evearly.news\/fr\/wp-json\/wp\/v2\/media?parent=328747"}],"wp:term":[{"taxonomy":"category","embeddable":true,"href":"https:\/\/www.evearly.news\/fr\/wp-json\/wp\/v2\/categories?post=328747"},{"taxonomy":"post_tag","embeddable":true,"href":"https:\/\/www.evearly.news\/fr\/wp-json\/wp\/v2\/tags?post=328747"}],"curies":[{"name":"wp","href":"https:\/\/api.w.org\/{rel}","templated":true}]}}