{"id":328755,"date":"2026-09-04T12:25:09","date_gmt":"2026-09-04T10:25:09","guid":{"rendered":"https:\/\/www.evearly.news\/fr\/50-000-postes-supprimes-4-usines-allemandes-menacees-et-50-de-la-gamme-abandonnee-volkswagen-coupe-tout-pour-remonter-la-pente\/"},"modified":"2026-09-04T12:25:09","modified_gmt":"2026-09-04T10:25:09","slug":"50-000-postes-supprimes-4-usines-allemandes-menacees-et-50-de-la-gamme-abandonnee-volkswagen-coupe-tout-pour-remonter-la-pente","status":"publish","type":"post","link":"https:\/\/www.evearly.news\/fr\/50-000-postes-supprimes-4-usines-allemandes-menacees-et-50-de-la-gamme-abandonnee-volkswagen-coupe-tout-pour-remonter-la-pente\/","title":{"rendered":"50 000 postes supprim\u00e9s, 4 usines allemandes menac\u00e9es et 50 % de la gamme abandonn\u00e9e : Volkswagen coupe tout pour remonter la pente"},"content":{"rendered":"<p><img width=\"1200\" height=\"675\" src=\"https:\/\/www.evearly.news\/fr\/wp-content\/uploads\/sites\/6\/2026\/09\/50-000-postes-supprimes-4-usines-allemandes-menacees-et-50-de-la-gamme-abandonnee-volkswagen-coupe-tout-pour-remonter-la-pente.jpg\" class=\"attachment-full size-full wp-post-image\" alt=\"\" decoding=\"async\" loading=\"lazy\" \/<br \/>\nLe conseil de surveillance de Volkswagen a valid\u00e9 le 3 septembre 2026 son \u00ab\u00a0Future Plan 2030\u00a0\u00bb. Les mesures sont drastiques avec\u00a0la moiti\u00e9 des mod\u00e8les non remplac\u00e9s, environ 50 000 postes supprim\u00e9s et quatre usines allemandes sur la sellette.<br \/>\n <a href=https:\/\/www.frandroid.com\/marques\/volkswagen\/3233395_50-000-postes-supprimes-4-usines-allemandes-menacees-et-50-de-la-gamme-abandonnee-volkswagen-coupe-tout-pour-remonter-la-pente target='bwindow'>Lire la suite&#8230;<\/a><\/p>\n","protected":false},"excerpt":{"rendered":"<p>&lt;img width=&quot;1200&quot; height=&quot;675&quot; src=&quot;https:\/\/www.evearly.news\/fr\/wp-content\/uploads\/sites\/6\/2026\/09\/50-000-postes-supprimes-4-usines-allemandes-menacees-et-50-de-la-gamme-abandonnee-volkswagen-coupe-tout-pour-remonter-la-pente.jpg&quot; class=&quot;attachment-full size-full wp-post-image&quot; alt=&quot;&quot; decoding=&quot;async&quot; loading=&quot;lazy&quot; \/<br \/>\nLe conseil de surveillance de Volkswagen a valid\u00e9 le 3 septembre 2026 son \u00ab\u00a0Future Plan 2030\u00a0\u00bb. Les mesures sont drastiques avec\u00a0la moiti\u00e9 des mod\u00e8les non remplac\u00e9s, environ 50 000 postes supprim\u00e9s et quatre usines allemandes sur la sellette.\n<\/p>\n<p> <a class=\"continue-reading-link\" href=\"https:\/\/www.evearly.news\/fr\/50-000-postes-supprimes-4-usines-allemandes-menacees-et-50-de-la-gamme-abandonnee-volkswagen-coupe-tout-pour-remonter-la-pente\/\"><\/a><\/p>\n","protected":false},"author":6,"featured_media":328756,"comment_status":"closed","ping_status":"open","sticky":false,"template":"Default","format":"standard","meta":{"footnotes":""},"categories":[14],"tags":[],"class_list":["post-328755","post","type-post","status-publish","format-standard","has-post-thumbnail","hentry","category-frandroid"],"_links":{"self":[{"href":"https:\/\/www.evearly.news\/fr\/wp-json\/wp\/v2\/posts\/328755","targetHints":{"allow":["GET"]}}],"collection":[{"href":"https:\/\/www.evearly.news\/fr\/wp-json\/wp\/v2\/posts"}],"about":[{"href":"https:\/\/www.evearly.news\/fr\/wp-json\/wp\/v2\/types\/post"}],"author":[{"embeddable":true,"href":"https:\/\/www.evearly.news\/fr\/wp-json\/wp\/v2\/users\/6"}],"replies":[{"embeddable":true,"href":"https:\/\/www.evearly.news\/fr\/wp-json\/wp\/v2\/comments?post=328755"}],"version-history":[{"count":0,"href":"https:\/\/www.evearly.news\/fr\/wp-json\/wp\/v2\/posts\/328755\/revisions"}],"wp:featuredmedia":[{"embeddable":true,"href":"https:\/\/www.evearly.news\/fr\/wp-json\/wp\/v2\/media\/328756"}],"wp:attachment":[{"href":"https:\/\/www.evearly.news\/fr\/wp-json\/wp\/v2\/media?parent=328755"}],"wp:term":[{"taxonomy":"category","embeddable":true,"href":"https:\/\/www.evearly.news\/fr\/wp-json\/wp\/v2\/categories?post=328755"},{"taxonomy":"post_tag","embeddable":true,"href":"https:\/\/www.evearly.news\/fr\/wp-json\/wp\/v2\/tags?post=328755"}],"curies":[{"name":"wp","href":"https:\/\/api.w.org\/{rel}","templated":true}]}}