{"id":328757,"date":"2026-09-04T12:25:28","date_gmt":"2026-09-04T10:25:28","guid":{"rendered":"https:\/\/www.evearly.news\/fr\/tesla-lance-officiellement-le-cybercab-a-austin-mais-seulement-45-exemplaires-sont-en-service-au-texas\/"},"modified":"2026-09-04T12:25:28","modified_gmt":"2026-09-04T10:25:28","slug":"tesla-lance-officiellement-le-cybercab-a-austin-mais-seulement-45-exemplaires-sont-en-service-au-texas","status":"publish","type":"post","link":"https:\/\/www.evearly.news\/fr\/tesla-lance-officiellement-le-cybercab-a-austin-mais-seulement-45-exemplaires-sont-en-service-au-texas\/","title":{"rendered":"Tesla lance officiellement le Cybercab \u00e0 Austin, mais seulement 45 exemplaires sont en service au Texas"},"content":{"rendered":"<p><img width=\"1200\" height=\"675\" src=\"https:\/\/www.evearly.news\/fr\/wp-content\/uploads\/sites\/6\/2026\/09\/tesla-lance-officiellement-le-cybercab-a-austin-mais-seulement-45-exemplaires-sont-en-service-au-texas.jpg\" class=\"attachment-full size-full\" alt=\"\" decoding=\"async\" loading=\"lazy\" \/><br \/>\nC&rsquo;est enfin l&rsquo;heure du lancement pour le Cybercab. Le taxi autonome de Tesla rejoint officiellement la flotte de v\u00e9hicules actuellement constitu\u00e9e de Model Y sous FSD Unsupervised. Un \u00e9v\u00e9nement discret, mais qui soul\u00e8ve d\u00e9j\u00e0 des questions.<br \/>\n <a href=https:\/\/www.numerama.com\/vroom\/2325055-tesla-lance-officiellement-le-cybercab-a-austin-mais-seulement-45-exemplaires-sont-en-service-au-texas.html target=bwindow'>Lire la suite&#8230;<\/a><\/p>\n","protected":false},"excerpt":{"rendered":"<p>&#8230; <a class=\"continue-reading-link\" href=\"https:\/\/www.evearly.news\/fr\/tesla-lance-officiellement-le-cybercab-a-austin-mais-seulement-45-exemplaires-sont-en-service-au-texas\/\"><\/a><\/p>\n","protected":false},"author":16,"featured_media":328758,"comment_status":"closed","ping_status":"open","sticky":false,"template":"Default","format":"standard","meta":{"footnotes":""},"categories":[17],"tags":[],"class_list":["post-328757","post","type-post","status-publish","format-standard","has-post-thumbnail","hentry","category-numerama"],"_links":{"self":[{"href":"https:\/\/www.evearly.news\/fr\/wp-json\/wp\/v2\/posts\/328757","targetHints":{"allow":["GET"]}}],"collection":[{"href":"https:\/\/www.evearly.news\/fr\/wp-json\/wp\/v2\/posts"}],"about":[{"href":"https:\/\/www.evearly.news\/fr\/wp-json\/wp\/v2\/types\/post"}],"author":[{"embeddable":true,"href":"https:\/\/www.evearly.news\/fr\/wp-json\/wp\/v2\/users\/16"}],"replies":[{"embeddable":true,"href":"https:\/\/www.evearly.news\/fr\/wp-json\/wp\/v2\/comments?post=328757"}],"version-history":[{"count":0,"href":"https:\/\/www.evearly.news\/fr\/wp-json\/wp\/v2\/posts\/328757\/revisions"}],"wp:featuredmedia":[{"embeddable":true,"href":"https:\/\/www.evearly.news\/fr\/wp-json\/wp\/v2\/media\/328758"}],"wp:attachment":[{"href":"https:\/\/www.evearly.news\/fr\/wp-json\/wp\/v2\/media?parent=328757"}],"wp:term":[{"taxonomy":"category","embeddable":true,"href":"https:\/\/www.evearly.news\/fr\/wp-json\/wp\/v2\/categories?post=328757"},{"taxonomy":"post_tag","embeddable":true,"href":"https:\/\/www.evearly.news\/fr\/wp-json\/wp\/v2\/tags?post=328757"}],"curies":[{"name":"wp","href":"https:\/\/api.w.org\/{rel}","templated":true}]}}