{"id":328759,"date":"2026-09-04T15:08:01","date_gmt":"2026-09-04T13:08:01","guid":{"rendered":"https:\/\/www.evearly.news\/fr\/batteries-de-voitures-electriques-voici-le-classement-des-modeles-qui-vieillissent-le-mieux\/"},"modified":"2026-09-04T15:08:01","modified_gmt":"2026-09-04T13:08:01","slug":"batteries-de-voitures-electriques-voici-le-classement-des-modeles-qui-vieillissent-le-mieux","status":"publish","type":"post","link":"https:\/\/www.evearly.news\/fr\/batteries-de-voitures-electriques-voici-le-classement-des-modeles-qui-vieillissent-le-mieux\/","title":{"rendered":"Batteries de voitures \u00e9lectriques : voici le classement des mod\u00e8les qui vieillissent le mieux"},"content":{"rendered":"<p><img decoding=\"async\" width=\"500\" height=\"333\" src=\"https:\/\/www.evearly.news\/fr\/wp-content\/uploads\/sites\/6\/2026\/09\/batteries-de-voitures-electriques-voici-le-classement-des-modeles-qui-vieillissent-le-mieux.jpg\" class=\"attachment-1200x800 size-1200x800 wp-post-image\" alt=\"\" loading=\"lazy\" srcset=\"https:\/\/www.evearly.news\/fr\/wp-content\/uploads\/sites\/6\/2026\/09\/batteries-de-voitures-electriques-voici-le-classement-des-modeles-qui-vieillissent-le-mieux.jpg 1600w, https:\/\/www.evearly.news\/fr\/wp-content\/uploads\/sites\/6\/2026\/09\/batteries-de-voitures-electriques-voici-le-classement-des-modeles-qui-vieillissent-le-mieux-1.jpg 1024w, https:\/\/www.evearly.news\/fr\/wp-content\/uploads\/sites\/6\/2026\/09\/batteries-de-voitures-electriques-voici-le-classement-des-modeles-qui-vieillissent-le-mieux-2.jpg 768w, https:\/\/www.evearly.news\/fr\/wp-content\/uploads\/sites\/6\/2026\/09\/batteries-de-voitures-electriques-voici-le-classement-des-modeles-qui-vieillissent-le-mieux-3.jpg 1536w, https:\/\/cdn.automobile-propre.com\/uploads\/2025\/01\/Essai-Hyundai-Ioniq-5-2025-restylage-17-620x349.jpg 620w\" sizes=\"auto, (max-width: 1200px) 100vw, 1200px\" \/><br \/>\nUne grande \u00e9tude men\u00e9e par Aviloo \u00e0 partir de 500 000 tests r\u00e9alis\u00e9s sur 20 mod\u00e8les de voitures \u00e9lectriques montre\u2026\u00a0<a href=https:\/\/www.automobile-propre.com\/articles\/batteries-de-voitures-electriques-voici-le-classement-des-modeles-qui-vieillissent-le-mieux\/ target='bwindow'>Lire la suite&#8230;<\/a><\/p>\n","protected":false},"excerpt":{"rendered":"<p>&#8230; <a class=\"continue-reading-link\" href=\"https:\/\/www.evearly.news\/fr\/batteries-de-voitures-electriques-voici-le-classement-des-modeles-qui-vieillissent-le-mieux\/\"><\/a><\/p>\n","protected":false},"author":8,"featured_media":328760,"comment_status":"closed","ping_status":"open","sticky":false,"template":"Default","format":"standard","meta":{"footnotes":""},"categories":[8],"tags":[],"class_list":["post-328759","post","type-post","status-publish","format-standard","has-post-thumbnail","hentry","category-automobile-propre"],"_links":{"self":[{"href":"https:\/\/www.evearly.news\/fr\/wp-json\/wp\/v2\/posts\/328759","targetHints":{"allow":["GET"]}}],"collection":[{"href":"https:\/\/www.evearly.news\/fr\/wp-json\/wp\/v2\/posts"}],"about":[{"href":"https:\/\/www.evearly.news\/fr\/wp-json\/wp\/v2\/types\/post"}],"author":[{"embeddable":true,"href":"https:\/\/www.evearly.news\/fr\/wp-json\/wp\/v2\/users\/8"}],"replies":[{"embeddable":true,"href":"https:\/\/www.evearly.news\/fr\/wp-json\/wp\/v2\/comments?post=328759"}],"version-history":[{"count":0,"href":"https:\/\/www.evearly.news\/fr\/wp-json\/wp\/v2\/posts\/328759\/revisions"}],"wp:featuredmedia":[{"embeddable":true,"href":"https:\/\/www.evearly.news\/fr\/wp-json\/wp\/v2\/media\/328760"}],"wp:attachment":[{"href":"https:\/\/www.evearly.news\/fr\/wp-json\/wp\/v2\/media?parent=328759"}],"wp:term":[{"taxonomy":"category","embeddable":true,"href":"https:\/\/www.evearly.news\/fr\/wp-json\/wp\/v2\/categories?post=328759"},{"taxonomy":"post_tag","embeddable":true,"href":"https:\/\/www.evearly.news\/fr\/wp-json\/wp\/v2\/tags?post=328759"}],"curies":[{"name":"wp","href":"https:\/\/api.w.org\/{rel}","templated":true}]}}