{"id":328761,"date":"2026-09-04T17:07:50","date_gmt":"2026-09-04T15:07:50","guid":{"rendered":"https:\/\/www.evearly.news\/fr\/bornes-de-recharge-ca-y-est-les-coproprietes-francaises-passent-a-la-vitesse-superieure\/"},"modified":"2026-09-04T17:07:50","modified_gmt":"2026-09-04T15:07:50","slug":"bornes-de-recharge-ca-y-est-les-coproprietes-francaises-passent-a-la-vitesse-superieure","status":"publish","type":"post","link":"https:\/\/www.evearly.news\/fr\/bornes-de-recharge-ca-y-est-les-coproprietes-francaises-passent-a-la-vitesse-superieure\/","title":{"rendered":"Bornes de recharge : \u00e7a y est, les copropri\u00e9t\u00e9s fran\u00e7aises passent \u00e0 la vitesse sup\u00e9rieure"},"content":{"rendered":"<p><img decoding=\"async\" width=\"500\" height=\"333\" src=\"https:\/\/cdn.automobile-propre.com\/uploads\/2026\/09\/coproprie\u0301te\u0301-bornes-recharge-1536x1024.webp\" class=\"attachment-1200x800 size-1200x800 wp-post-image\" alt=\"\" loading=\"lazy\" srcset=\"https:\/\/cdn.automobile-propre.com\/uploads\/2026\/09\/coproprie\u0301te\u0301-bornes-recharge-1536x1024.webp 1536w, https:\/\/cdn.automobile-propre.com\/uploads\/2026\/09\/coproprie\u0301te\u0301-bornes-recharge-1640x1093.webp 1640w, https:\/\/cdn.automobile-propre.com\/uploads\/2026\/09\/coproprie\u0301te\u0301-bornes-recharge-1024x683.webp 1024w, https:\/\/cdn.automobile-propre.com\/uploads\/2026\/09\/coproprie\u0301te\u0301-bornes-recharge-140x93.webp 140w, https:\/\/cdn.automobile-propre.com\/uploads\/2026\/09\/coproprie\u0301te\u0301-bornes-recharge-768x512.webp 768w, https:\/\/cdn.automobile-propre.com\/uploads\/2026\/09\/coproprie\u0301te\u0301-bornes-recharge-2048x1365.webp 2048w, https:\/\/cdn.automobile-propre.com\/uploads\/2026\/09\/coproprie\u0301te\u0301-bornes-recharge-700x467.webp 700w, https:\/\/cdn.automobile-propre.com\/uploads\/2026\/09\/coproprie\u0301te\u0301-bornes-recharge-960x640.webp 960w, https:\/\/cdn.automobile-propre.com\/uploads\/2026\/09\/coproprie\u0301te\u0301-bornes-recharge-100x66.webp 100w\" sizes=\"auto, (max-width: 1200px) 100vw, 1200px\" \/><br \/>\nLa recharge en copropri\u00e9t\u00e9 continue de gagner du terrain en France. Au deuxi\u00e8me trimestre 2026, plus de 18 000 immeubles\u2026\u00a0<a href=https:\/\/www.automobile-propre.com\/articles\/bornes-de-recharge-ca-y-est-les-coproprietes-francaises-passent-a-la-vitesse-superieure\/ target='bwindow'>Lire la suite&#8230;<\/a><\/p>\n","protected":false},"excerpt":{"rendered":"<p>&#8230; <a class=\"continue-reading-link\" href=\"https:\/\/www.evearly.news\/fr\/bornes-de-recharge-ca-y-est-les-coproprietes-francaises-passent-a-la-vitesse-superieure\/\"><\/a><\/p>\n","protected":false},"author":8,"featured_media":0,"comment_status":"closed","ping_status":"open","sticky":false,"template":"Default","format":"standard","meta":{"footnotes":""},"categories":[8],"tags":[],"class_list":["post-328761","post","type-post","status-publish","format-standard","hentry","category-automobile-propre"],"_links":{"self":[{"href":"https:\/\/www.evearly.news\/fr\/wp-json\/wp\/v2\/posts\/328761","targetHints":{"allow":["GET"]}}],"collection":[{"href":"https:\/\/www.evearly.news\/fr\/wp-json\/wp\/v2\/posts"}],"about":[{"href":"https:\/\/www.evearly.news\/fr\/wp-json\/wp\/v2\/types\/post"}],"author":[{"embeddable":true,"href":"https:\/\/www.evearly.news\/fr\/wp-json\/wp\/v2\/users\/8"}],"replies":[{"embeddable":true,"href":"https:\/\/www.evearly.news\/fr\/wp-json\/wp\/v2\/comments?post=328761"}],"version-history":[{"count":0,"href":"https:\/\/www.evearly.news\/fr\/wp-json\/wp\/v2\/posts\/328761\/revisions"}],"wp:attachment":[{"href":"https:\/\/www.evearly.news\/fr\/wp-json\/wp\/v2\/media?parent=328761"}],"wp:term":[{"taxonomy":"category","embeddable":true,"href":"https:\/\/www.evearly.news\/fr\/wp-json\/wp\/v2\/categories?post=328761"},{"taxonomy":"post_tag","embeddable":true,"href":"https:\/\/www.evearly.news\/fr\/wp-json\/wp\/v2\/tags?post=328761"}],"curies":[{"name":"wp","href":"https:\/\/api.w.org\/{rel}","templated":true}]}}