{"id":328764,"date":"2026-09-04T19:04:40","date_gmt":"2026-09-04T17:04:40","guid":{"rendered":"https:\/\/www.evearly.news\/fr\/mazda-6e-elle-corrige-son-principal-defaut-pour-2027\/"},"modified":"2026-09-04T19:04:40","modified_gmt":"2026-09-04T17:04:40","slug":"mazda-6e-elle-corrige-son-principal-defaut-pour-2027","status":"publish","type":"post","link":"https:\/\/www.evearly.news\/fr\/mazda-6e-elle-corrige-son-principal-defaut-pour-2027\/","title":{"rendered":"Mazda 6e : elle corrige son principal d\u00e9faut pour 2027"},"content":{"rendered":"<p><img decoding=\"async\" src=\"https:\/\/www.evearly.news\/fr\/wp-content\/uploads\/sites\/6\/2026\/09\/mazda-6e-elle-corrige-son-principal-defaut-pour-2027.webp\" alt=\"auto-moto\"><br \/>La Mazda 6e \u00e9volue d\u00e9j\u00e0. Pour son mill\u00e9sime 2027, la berline \u00e9lectrique japonaise troque sa batterie NMC contre un accumulateur LFP de 78 kWh. \u00c0 la cl\u00e9 : davantage d\u2019autonomie et, surtout, une recharge deux fois plus rapide. <a href=https:\/\/www.auto-moto.com\/berline-familiale\/mazda-6e-evolutions-2027-80580 target=blank>Lire la suite&#8230;<\/a><\/p>\n","protected":false},"excerpt":{"rendered":"<p>La Mazda 6e \u00e9volue d\u00e9j\u00e0. Pour son mill\u00e9sime 2027, la berline \u00e9lectrique japonaise troque sa batterie NMC contre un accumulateur LFP de 78 kWh. \u00c0 la cl\u00e9 : davantage d\u2019autonomie et, surtout, une recharge deux fois plus rapide&#8230;. <a class=\"continue-reading-link\" href=\"https:\/\/www.evearly.news\/fr\/mazda-6e-elle-corrige-son-principal-defaut-pour-2027\/\"><\/a><\/p>\n","protected":false},"author":9,"featured_media":328765,"comment_status":"closed","ping_status":"open","sticky":false,"template":"Default","format":"standard","meta":{"footnotes":""},"categories":[10],"tags":[],"class_list":["post-328764","post","type-post","status-publish","format-standard","has-post-thumbnail","hentry","category-auto-moto-com"],"_links":{"self":[{"href":"https:\/\/www.evearly.news\/fr\/wp-json\/wp\/v2\/posts\/328764","targetHints":{"allow":["GET"]}}],"collection":[{"href":"https:\/\/www.evearly.news\/fr\/wp-json\/wp\/v2\/posts"}],"about":[{"href":"https:\/\/www.evearly.news\/fr\/wp-json\/wp\/v2\/types\/post"}],"author":[{"embeddable":true,"href":"https:\/\/www.evearly.news\/fr\/wp-json\/wp\/v2\/users\/9"}],"replies":[{"embeddable":true,"href":"https:\/\/www.evearly.news\/fr\/wp-json\/wp\/v2\/comments?post=328764"}],"version-history":[{"count":0,"href":"https:\/\/www.evearly.news\/fr\/wp-json\/wp\/v2\/posts\/328764\/revisions"}],"wp:featuredmedia":[{"embeddable":true,"href":"https:\/\/www.evearly.news\/fr\/wp-json\/wp\/v2\/media\/328765"}],"wp:attachment":[{"href":"https:\/\/www.evearly.news\/fr\/wp-json\/wp\/v2\/media?parent=328764"}],"wp:term":[{"taxonomy":"category","embeddable":true,"href":"https:\/\/www.evearly.news\/fr\/wp-json\/wp\/v2\/categories?post=328764"},{"taxonomy":"post_tag","embeddable":true,"href":"https:\/\/www.evearly.news\/fr\/wp-json\/wp\/v2\/tags?post=328764"}],"curies":[{"name":"wp","href":"https:\/\/api.w.org\/{rel}","templated":true}]}}