{"id":328769,"date":"2026-09-05T08:00:05","date_gmt":"2026-09-05T06:00:05","guid":{"rendered":"https:\/\/www.evearly.news\/fr\/immatriculations-de-vehicules-electriques-nouveau-record-en-aout\/"},"modified":"2026-09-05T08:00:05","modified_gmt":"2026-09-05T06:00:05","slug":"immatriculations-de-vehicules-electriques-nouveau-record-en-aout","status":"publish","type":"post","link":"https:\/\/www.evearly.news\/fr\/immatriculations-de-vehicules-electriques-nouveau-record-en-aout\/","title":{"rendered":"Immatriculations de v\u00e9hicules \u00e9lectriques : nouveau record en ao\u00fbt"},"content":{"rendered":"<p><img width=\"1000\" height=\"563\" src=\"https:\/\/www.evearly.news\/fr\/wp-content\/uploads\/sites\/6\/2026\/09\/immatriculations-de-vehicules-electriques-nouveau-record-en-aout.jpg\" class=\"attachment-post-thumbnail size-post-thumbnail wp-post-image\" alt=\"Immatriculations V\u00e9hicules \u00e9lectriques Ao\u00fbt\" decoding=\"async\" fetchpriority=\"high\" srcset=\"https:\/\/www.evearly.news\/fr\/wp-content\/uploads\/sites\/6\/2026\/09\/immatriculations-de-vehicules-electriques-nouveau-record-en-aout.jpg 1000w, https:\/\/www.evearly.news\/fr\/wp-content\/uploads\/sites\/6\/2026\/09\/immatriculations-de-vehicules-electriques-nouveau-record-en-aout-1.jpg 300w, https:\/\/www.evearly.news\/fr\/wp-content\/uploads\/sites\/6\/2026\/09\/immatriculations-de-vehicules-electriques-nouveau-record-en-aout-2.jpg 998w, https:\/\/www.avem.fr\/wp-content\/uploads\/2026\/09\/Immatriculations-VE-Aout-2026-Une-768x432.jpg 768w\" sizes=\"(max-width: 1000px) 100vw, 1000px\" \/>Traditionnellement, le mois d\u2019ao\u00fbt est assez calme dans les concessions automobiles. Ao\u00fbt 2026 n\u2019a pas d\u00e9rog\u00e9 \u00e0 la r\u00e8gle m\u00eame si le march\u00e9 automobile dans son ensemble a progress\u00e9 de 7%. 94.351 immatriculations de voitures particuli\u00e8res neuves ont ainsi \u00e9t\u00e9 enregistr\u00e9es. Une nouvelle fois, cette progression r\u00e9sulte des bons r\u00e9sultats [\u2026] <a href=https:\/\/www.avem.fr\/2026\/09\/05\/immatriculations-de-vehicules-electriques-nouveau-record-en-aout\/ target=blank>Lire la suite&#8230;<\/a><\/p>\n","protected":false},"excerpt":{"rendered":"<p><img loading=\"lazy\" decoding=\"async\" width=\"1000\" height=\"563\" src=\"https:\/\/www.evearly.news\/fr\/wp-content\/uploads\/sites\/6\/2026\/09\/immatriculations-de-vehicules-electriques-nouveau-record-en-aout.jpg\" class=\"attachment-post-thumbnail size-post-thumbnail wp-post-image\" alt=\"Immatriculations V\u00e9hicules \u00e9lectriques Ao\u00fbt\" \/>Traditionnellement, le mois d\u2019ao\u00fbt est assez calme dans les concessions automobiles. Ao\u00fbt 2026 n\u2019a pas d\u00e9rog\u00e9 \u00e0 la r\u00e8gle m\u00eame si le march\u00e9 automobile dans son ensemble a progress\u00e9 de 7%. 94.351 immatriculations de voitures particuli\u00e8res neuves ont ainsi \u00e9t\u00e9 enregistr\u00e9es. Une nouvelle fois, cette progression r\u00e9sulte des bons r\u00e9sultats [\u2026] <a class=\"continue-reading-link\" href=\"https:\/\/www.evearly.news\/fr\/immatriculations-de-vehicules-electriques-nouveau-record-en-aout\/\"><\/a><\/p>\n","protected":false},"author":3,"featured_media":328770,"comment_status":"closed","ping_status":"open","sticky":false,"template":"Default","format":"standard","meta":{"footnotes":""},"categories":[3],"tags":[],"class_list":["post-328769","post","type-post","status-publish","format-standard","has-post-thumbnail","hentry","category-avem"],"_links":{"self":[{"href":"https:\/\/www.evearly.news\/fr\/wp-json\/wp\/v2\/posts\/328769","targetHints":{"allow":["GET"]}}],"collection":[{"href":"https:\/\/www.evearly.news\/fr\/wp-json\/wp\/v2\/posts"}],"about":[{"href":"https:\/\/www.evearly.news\/fr\/wp-json\/wp\/v2\/types\/post"}],"author":[{"embeddable":true,"href":"https:\/\/www.evearly.news\/fr\/wp-json\/wp\/v2\/users\/3"}],"replies":[{"embeddable":true,"href":"https:\/\/www.evearly.news\/fr\/wp-json\/wp\/v2\/comments?post=328769"}],"version-history":[{"count":0,"href":"https:\/\/www.evearly.news\/fr\/wp-json\/wp\/v2\/posts\/328769\/revisions"}],"wp:featuredmedia":[{"embeddable":true,"href":"https:\/\/www.evearly.news\/fr\/wp-json\/wp\/v2\/media\/328770"}],"wp:attachment":[{"href":"https:\/\/www.evearly.news\/fr\/wp-json\/wp\/v2\/media?parent=328769"}],"wp:term":[{"taxonomy":"category","embeddable":true,"href":"https:\/\/www.evearly.news\/fr\/wp-json\/wp\/v2\/categories?post=328769"},{"taxonomy":"post_tag","embeddable":true,"href":"https:\/\/www.evearly.news\/fr\/wp-json\/wp\/v2\/tags?post=328769"}],"curies":[{"name":"wp","href":"https:\/\/api.w.org\/{rel}","templated":true}]}}