{"id":328775,"date":"2026-09-05T09:07:07","date_gmt":"2026-09-05T07:07:07","guid":{"rendered":"https:\/\/www.evearly.news\/fr\/batterie-des-voitures-electriques-apres-150-000-km-cette-grande-etude-reserve-quelques-surprises-inattendues\/"},"modified":"2026-09-05T09:07:07","modified_gmt":"2026-09-05T07:07:07","slug":"batterie-des-voitures-electriques-apres-150-000-km-cette-grande-etude-reserve-quelques-surprises-inattendues","status":"publish","type":"post","link":"https:\/\/www.evearly.news\/fr\/batterie-des-voitures-electriques-apres-150-000-km-cette-grande-etude-reserve-quelques-surprises-inattendues\/","title":{"rendered":"Batterie des voitures \u00e9lectriques : apr\u00e8s 150 000 km, cette grande \u00e9tude r\u00e9serve quelques surprises inattendues"},"content":{"rendered":"<div class=\"media_block\"><img decoding=\"async\" src=\"https:\/\/www.evearly.news\/fr\/wp-content\/uploads\/sites\/6\/2026\/09\/batterie-des-voitures-electriques-apres-150-000-km-cette-grande-etude-reserve-quelques-surprises-inattendues.jpg\"><\/div>\n<p>Combien reste-t-il r\u00e9ellement d\u2019une batterie \u00e9lectrique apr\u00e8s 50 000, 100 000 ou 150 000 km ? Le sp\u00e9cialiste autrichien Aviloo apporte une r\u00e9ponse document\u00e9e <a href=https:\/\/www.automobile-magazine.fr\/voitures-electriques\/article\/53023-batterie-des-voitures-electriques-apres-150-000-km-cette-grande-etude-reserve-quelques-surprises-inattendues alt='automobile magazine' target='blank'>Lire la suite&#8230;<\/a><\/p>\n","protected":false},"excerpt":{"rendered":"<div class=\"media_block\"><img decoding=\"async\" src=\"https:\/\/www.evearly.news\/fr\/wp-content\/uploads\/sites\/6\/2026\/09\/batterie-des-voitures-electriques-apres-150-000-km-cette-grande-etude-reserve-quelques-surprises-inattendues.jpg\"><\/div>\n<p> <a class=\"continue-reading-link\" href=\"https:\/\/www.evearly.news\/fr\/batterie-des-voitures-electriques-apres-150-000-km-cette-grande-etude-reserve-quelques-surprises-inattendues\/\"><\/a><\/p>\n","protected":false},"author":7,"featured_media":328776,"comment_status":"closed","ping_status":"open","sticky":false,"template":"Default","format":"standard","meta":{"footnotes":""},"categories":[7],"tags":[],"class_list":["post-328775","post","type-post","status-publish","format-standard","has-post-thumbnail","hentry","category-automobile-magazine"],"_links":{"self":[{"href":"https:\/\/www.evearly.news\/fr\/wp-json\/wp\/v2\/posts\/328775","targetHints":{"allow":["GET"]}}],"collection":[{"href":"https:\/\/www.evearly.news\/fr\/wp-json\/wp\/v2\/posts"}],"about":[{"href":"https:\/\/www.evearly.news\/fr\/wp-json\/wp\/v2\/types\/post"}],"author":[{"embeddable":true,"href":"https:\/\/www.evearly.news\/fr\/wp-json\/wp\/v2\/users\/7"}],"replies":[{"embeddable":true,"href":"https:\/\/www.evearly.news\/fr\/wp-json\/wp\/v2\/comments?post=328775"}],"version-history":[{"count":0,"href":"https:\/\/www.evearly.news\/fr\/wp-json\/wp\/v2\/posts\/328775\/revisions"}],"wp:featuredmedia":[{"embeddable":true,"href":"https:\/\/www.evearly.news\/fr\/wp-json\/wp\/v2\/media\/328776"}],"wp:attachment":[{"href":"https:\/\/www.evearly.news\/fr\/wp-json\/wp\/v2\/media?parent=328775"}],"wp:term":[{"taxonomy":"category","embeddable":true,"href":"https:\/\/www.evearly.news\/fr\/wp-json\/wp\/v2\/categories?post=328775"},{"taxonomy":"post_tag","embeddable":true,"href":"https:\/\/www.evearly.news\/fr\/wp-json\/wp\/v2\/tags?post=328775"}],"curies":[{"name":"wp","href":"https:\/\/api.w.org\/{rel}","templated":true}]}}