{"id":328777,"date":"2026-09-05T09:07:42","date_gmt":"2026-09-05T07:07:42","guid":{"rendered":"https:\/\/www.evearly.news\/fr\/actualite-xiaomi-on-sait-quel-est-le-premier-pays-deurope-ou-ses-voitures-electriques-seront-vendues\/"},"modified":"2026-09-05T09:07:42","modified_gmt":"2026-09-05T07:07:42","slug":"actualite-xiaomi-on-sait-quel-est-le-premier-pays-deurope-ou-ses-voitures-electriques-seront-vendues","status":"publish","type":"post","link":"https:\/\/www.evearly.news\/fr\/actualite-xiaomi-on-sait-quel-est-le-premier-pays-deurope-ou-ses-voitures-electriques-seront-vendues\/","title":{"rendered":"Actualit\u00e9 : Xiaomi : on sait quel est le premier pays d&rsquo;Europe o\u00f9 ses voitures \u00e9lectriques seront vendues"},"content":{"rendered":"<p><img src='https:\/\/www.evearly.news\/fr\/wp-content\/uploads\/sites\/6\/2026\/09\/actualite-xiaomi-on-sait-quel-est-le-premier-pays-deurope-ou-ses-voitures-electriques-seront-vendues.jpg' alt='Les Num\u00e9riques' \/>Xiaomi Auto arrive en Europe et on sait d\u00e9j\u00e0 dans quel premier pays. C&rsquo;est lors de l&rsquo;IFA de Berlin que le constructeur a annonc\u00e9 des accords avec huit groupes automobiles en Allemagne. C&rsquo;est donc l\u00e0-bas que, d\u00e8s 2027, les premi\u00e8res ventes europ\u00e9ennes seront lanc\u00e9es avant d&rsquo;autres march\u00e9s comme la France. <a href=https:\/\/www.lesnumeriques.com\/voiture-electrique\/xiaomi-on-sait-quel-est-le-premier-pays-d-europe-ou-ses-voitures-electriques-seront-vendues-n261348.html target='blank'>Lire la suite&#8230;<\/a><\/p>\n","protected":false},"excerpt":{"rendered":"<p>Xiaomi Auto arrive en Europe et on sait d\u00e9j\u00e0 dans quel premier pays. C&rsquo;est lors de l&rsquo;IFA de Berlin que le constructeur a annonc\u00e9 des accords avec huit groupes automobiles en&#8230; <a class=\"continue-reading-link\" href=\"https:\/\/www.evearly.news\/fr\/actualite-xiaomi-on-sait-quel-est-le-premier-pays-deurope-ou-ses-voitures-electriques-seront-vendues\/\"><\/a><\/p>\n","protected":false},"author":15,"featured_media":328778,"comment_status":"closed","ping_status":"open","sticky":false,"template":"Default","format":"standard","meta":{"footnotes":""},"categories":[16],"tags":[],"class_list":["post-328777","post","type-post","status-publish","format-standard","has-post-thumbnail","hentry","category-lesnumeriques"],"_links":{"self":[{"href":"https:\/\/www.evearly.news\/fr\/wp-json\/wp\/v2\/posts\/328777","targetHints":{"allow":["GET"]}}],"collection":[{"href":"https:\/\/www.evearly.news\/fr\/wp-json\/wp\/v2\/posts"}],"about":[{"href":"https:\/\/www.evearly.news\/fr\/wp-json\/wp\/v2\/types\/post"}],"author":[{"embeddable":true,"href":"https:\/\/www.evearly.news\/fr\/wp-json\/wp\/v2\/users\/15"}],"replies":[{"embeddable":true,"href":"https:\/\/www.evearly.news\/fr\/wp-json\/wp\/v2\/comments?post=328777"}],"version-history":[{"count":0,"href":"https:\/\/www.evearly.news\/fr\/wp-json\/wp\/v2\/posts\/328777\/revisions"}],"wp:featuredmedia":[{"embeddable":true,"href":"https:\/\/www.evearly.news\/fr\/wp-json\/wp\/v2\/media\/328778"}],"wp:attachment":[{"href":"https:\/\/www.evearly.news\/fr\/wp-json\/wp\/v2\/media?parent=328777"}],"wp:term":[{"taxonomy":"category","embeddable":true,"href":"https:\/\/www.evearly.news\/fr\/wp-json\/wp\/v2\/categories?post=328777"},{"taxonomy":"post_tag","embeddable":true,"href":"https:\/\/www.evearly.news\/fr\/wp-json\/wp\/v2\/tags?post=328777"}],"curies":[{"name":"wp","href":"https:\/\/api.w.org\/{rel}","templated":true}]}}