{"id":328787,"date":"2026-09-05T10:13:31","date_gmt":"2026-09-05T08:13:31","guid":{"rendered":"https:\/\/www.evearly.news\/fr\/ces-4-innovations-du-tesla-cybercab-qui-pourraient-bien-transformer-les-prochaines-model-3-et-model-y\/"},"modified":"2026-09-05T10:13:31","modified_gmt":"2026-09-05T08:13:31","slug":"ces-4-innovations-du-tesla-cybercab-qui-pourraient-bien-transformer-les-prochaines-model-3-et-model-y","status":"publish","type":"post","link":"https:\/\/www.evearly.news\/fr\/ces-4-innovations-du-tesla-cybercab-qui-pourraient-bien-transformer-les-prochaines-model-3-et-model-y\/","title":{"rendered":"Ces 4 innovations du Tesla Cybercab qui pourraient bien transformer les prochaines Model 3 et Model Y"},"content":{"rendered":"<p><img width=\"1200\" height=\"675\" src=\"https:\/\/www.evearly.news\/fr\/wp-content\/uploads\/sites\/6\/2026\/09\/ces-4-innovations-du-tesla-cybercab-qui-pourraient-bien-transformer-les-prochaines-model-3-et-model-y.jpg\" class=\"attachment-full size-full wp-post-image\" alt=\"\" decoding=\"async\" loading=\"lazy\" \/<br \/>\nPr\u00e9sent\u00e9 fin 2024, le Tesla Cybercab vient d&rsquo;\u00eatre officiellement lanc\u00e9 \u00e0 Austin (Texas). La voiture \u00e9lectrique sans p\u00e9dale ni volant embarque des technologies novatrices (freinage \u00e9lectronique, moteur \u00e9lectrique, gestion thermique) qui pourraient bien se retrouver dans les futures Tesla.<br \/>\n <a href=https:\/\/www.frandroid.com\/marques\/tesla\/3233675_ces-4-innovations-du-tesla-cybercab-qui-pourraient-bien-transformer-les-prochaines-model-3-et-model-y target='bwindow'>Lire la suite&#8230;<\/a><\/p>\n","protected":false},"excerpt":{"rendered":"<p>&lt;img width=&quot;1200&quot; height=&quot;675&quot; src=&quot;https:\/\/www.evearly.news\/fr\/wp-content\/uploads\/sites\/6\/2026\/09\/ces-4-innovations-du-tesla-cybercab-qui-pourraient-bien-transformer-les-prochaines-model-3-et-model-y.jpg&quot; class=&quot;attachment-full size-full wp-post-image&quot; alt=&quot;&quot; decoding=&quot;async&quot; loading=&quot;lazy&quot; \/<br \/>\nPr\u00e9sent\u00e9 fin 2024, le Tesla Cybercab vient d&rsquo;\u00eatre officiellement lanc\u00e9 \u00e0 Austin (Texas). La voiture \u00e9lectrique sans p\u00e9dale ni volant embarque des technologies novatrices (freinage \u00e9lectronique, moteur \u00e9lectrique, gestion thermique) qui pourraient bien se retrouver dans les futures Tesla.\n<\/p>\n<p> <a class=\"continue-reading-link\" href=\"https:\/\/www.evearly.news\/fr\/ces-4-innovations-du-tesla-cybercab-qui-pourraient-bien-transformer-les-prochaines-model-3-et-model-y\/\"><\/a><\/p>\n","protected":false},"author":6,"featured_media":328788,"comment_status":"closed","ping_status":"open","sticky":false,"template":"Default","format":"standard","meta":{"footnotes":""},"categories":[14],"tags":[],"class_list":["post-328787","post","type-post","status-publish","format-standard","has-post-thumbnail","hentry","category-frandroid"],"_links":{"self":[{"href":"https:\/\/www.evearly.news\/fr\/wp-json\/wp\/v2\/posts\/328787","targetHints":{"allow":["GET"]}}],"collection":[{"href":"https:\/\/www.evearly.news\/fr\/wp-json\/wp\/v2\/posts"}],"about":[{"href":"https:\/\/www.evearly.news\/fr\/wp-json\/wp\/v2\/types\/post"}],"author":[{"embeddable":true,"href":"https:\/\/www.evearly.news\/fr\/wp-json\/wp\/v2\/users\/6"}],"replies":[{"embeddable":true,"href":"https:\/\/www.evearly.news\/fr\/wp-json\/wp\/v2\/comments?post=328787"}],"version-history":[{"count":0,"href":"https:\/\/www.evearly.news\/fr\/wp-json\/wp\/v2\/posts\/328787\/revisions"}],"wp:featuredmedia":[{"embeddable":true,"href":"https:\/\/www.evearly.news\/fr\/wp-json\/wp\/v2\/media\/328788"}],"wp:attachment":[{"href":"https:\/\/www.evearly.news\/fr\/wp-json\/wp\/v2\/media?parent=328787"}],"wp:term":[{"taxonomy":"category","embeddable":true,"href":"https:\/\/www.evearly.news\/fr\/wp-json\/wp\/v2\/categories?post=328787"},{"taxonomy":"post_tag","embeddable":true,"href":"https:\/\/www.evearly.news\/fr\/wp-json\/wp\/v2\/tags?post=328787"}],"curies":[{"name":"wp","href":"https:\/\/api.w.org\/{rel}","templated":true}]}}