{"id":328791,"date":"2026-09-05T11:06:31","date_gmt":"2026-09-05T09:06:31","guid":{"rendered":"https:\/\/www.evearly.news\/fr\/future-mercedes-classe-a-nos-infos-et-images-exclusives\/"},"modified":"2026-09-05T11:06:31","modified_gmt":"2026-09-05T09:06:31","slug":"future-mercedes-classe-a-nos-infos-et-images-exclusives","status":"publish","type":"post","link":"https:\/\/www.evearly.news\/fr\/future-mercedes-classe-a-nos-infos-et-images-exclusives\/","title":{"rendered":"Future Mercedes Classe A : nos infos et images exclusives !"},"content":{"rendered":"<div class=\"media_block\"><img decoding=\"async\" src=\"https:\/\/www.evearly.news\/fr\/wp-content\/uploads\/sites\/6\/2026\/09\/future-mercedes-classe-a-nos-infos-et-images-exclusives.jpg\"><\/div>\n<p>Face aux incertitudes du march\u00e9 et aux volumes d\u2019assemblage en berne, Mercedes renonce \u00e0 supprimer la Classe A. Initialement condamn\u00e9e par Ola K\u00e4llenius au profit de v\u00e9hicules \u00e0 plus forte marge, la compacte \u00e0 l&rsquo;\u00e9toile aura bien droit \u00e0 une cinqui\u00e8me g\u00e9n\u00e9ration. Pour contrer des rivales comme les BMW S\u00e9rie 1 et Audi A3, cette nouvelle mouture adoptera la plateforme MMA et s&rsquo;allongera jusqu&rsquo;\u00e0 4,50 m\u00e8tres. Disponible en version micro-hybride <a href=https:\/\/www.automobile-magazine.fr\/scoops\/article\/52976-future-mercedes-classe-a-nos-infos-et-images-exclusives alt='automobile magazine' target='blank'>Lire la suite&#8230;<\/a><\/p>\n","protected":false},"excerpt":{"rendered":"<div class=\"media_block\"><img decoding=\"async\" src=\"https:\/\/www.evearly.news\/fr\/wp-content\/uploads\/sites\/6\/2026\/09\/future-mercedes-classe-a-nos-infos-et-images-exclusives.jpg\"><\/div>\n<p> <a class=\"continue-reading-link\" href=\"https:\/\/www.evearly.news\/fr\/future-mercedes-classe-a-nos-infos-et-images-exclusives\/\"><\/a><\/p>\n","protected":false},"author":7,"featured_media":328792,"comment_status":"closed","ping_status":"open","sticky":false,"template":"Default","format":"standard","meta":{"footnotes":""},"categories":[7],"tags":[],"class_list":["post-328791","post","type-post","status-publish","format-standard","has-post-thumbnail","hentry","category-automobile-magazine"],"_links":{"self":[{"href":"https:\/\/www.evearly.news\/fr\/wp-json\/wp\/v2\/posts\/328791","targetHints":{"allow":["GET"]}}],"collection":[{"href":"https:\/\/www.evearly.news\/fr\/wp-json\/wp\/v2\/posts"}],"about":[{"href":"https:\/\/www.evearly.news\/fr\/wp-json\/wp\/v2\/types\/post"}],"author":[{"embeddable":true,"href":"https:\/\/www.evearly.news\/fr\/wp-json\/wp\/v2\/users\/7"}],"replies":[{"embeddable":true,"href":"https:\/\/www.evearly.news\/fr\/wp-json\/wp\/v2\/comments?post=328791"}],"version-history":[{"count":0,"href":"https:\/\/www.evearly.news\/fr\/wp-json\/wp\/v2\/posts\/328791\/revisions"}],"wp:featuredmedia":[{"embeddable":true,"href":"https:\/\/www.evearly.news\/fr\/wp-json\/wp\/v2\/media\/328792"}],"wp:attachment":[{"href":"https:\/\/www.evearly.news\/fr\/wp-json\/wp\/v2\/media?parent=328791"}],"wp:term":[{"taxonomy":"category","embeddable":true,"href":"https:\/\/www.evearly.news\/fr\/wp-json\/wp\/v2\/categories?post=328791"},{"taxonomy":"post_tag","embeddable":true,"href":"https:\/\/www.evearly.news\/fr\/wp-json\/wp\/v2\/tags?post=328791"}],"curies":[{"name":"wp","href":"https:\/\/api.w.org\/{rel}","templated":true}]}}