{"id":328795,"date":"2026-09-05T12:19:42","date_gmt":"2026-09-05T10:19:42","guid":{"rendered":"https:\/\/www.evearly.news\/fr\/tesla-lance-son-cybercab-sans-volant-ni-pedale-un-depart-tres-modeste-pour-cette-revolution-promise-par-musk\/"},"modified":"2026-09-05T12:19:42","modified_gmt":"2026-09-05T10:19:42","slug":"tesla-lance-son-cybercab-sans-volant-ni-pedale-un-depart-tres-modeste-pour-cette-revolution-promise-par-musk","status":"publish","type":"post","link":"https:\/\/www.evearly.news\/fr\/tesla-lance-son-cybercab-sans-volant-ni-pedale-un-depart-tres-modeste-pour-cette-revolution-promise-par-musk\/","title":{"rendered":"Tesla lance son Cybercab sans volant ni p\u00e9dale : un d\u00e9part tr\u00e8s modeste pour cette r\u00e9volution promise par Musk"},"content":{"rendered":"<p><img width=\"1200\" height=\"675\" src=\"https:\/\/www.evearly.news\/fr\/wp-content\/uploads\/sites\/6\/2026\/09\/tesla-lance-son-cybercab-sans-volant-ni-pedale-un-depart-tres-modeste-pour-cette-revolution-promise-par-musk.jpg\" class=\"attachment-full size-full wp-post-image\" alt=\"\" decoding=\"async\" loading=\"lazy\" \/<br \/>\nLe Tesla Cybercab, la voiture \u00e9lectrique sans volant ni p\u00e9dales de la marque, ouvre ses courses au grand public \u00e0 Austin. C&rsquo;est le premier vrai test grandeur nature du pari autonome de Tesla, et il d\u00e9marre tout petit.<br \/>\n <a href=https:\/\/www.frandroid.com\/marques\/tesla\/3233363_tesla-lance-son-cybercab-sans-volant-ni-pedale-un-depart-tres-modeste-pour-cette-revolution-promise-par-musk target='bwindow'>Lire la suite&#8230;<\/a><\/p>\n","protected":false},"excerpt":{"rendered":"<p>&lt;img width=&quot;1200&quot; height=&quot;675&quot; src=&quot;https:\/\/www.evearly.news\/fr\/wp-content\/uploads\/sites\/6\/2026\/09\/tesla-lance-son-cybercab-sans-volant-ni-pedale-un-depart-tres-modeste-pour-cette-revolution-promise-par-musk.jpg&quot; class=&quot;attachment-full size-full wp-post-image&quot; alt=&quot;&quot; decoding=&quot;async&quot; loading=&quot;lazy&quot; \/<br \/>\nLe Tesla Cybercab, la voiture \u00e9lectrique sans volant ni p\u00e9dales de la marque, ouvre ses courses au grand public \u00e0 Austin. C&rsquo;est le premier vrai test grandeur nature du pari autonome de Tesla, et il d\u00e9marre tout petit.\n<\/p>\n<p> <a class=\"continue-reading-link\" href=\"https:\/\/www.evearly.news\/fr\/tesla-lance-son-cybercab-sans-volant-ni-pedale-un-depart-tres-modeste-pour-cette-revolution-promise-par-musk\/\"><\/a><\/p>\n","protected":false},"author":6,"featured_media":328796,"comment_status":"closed","ping_status":"open","sticky":false,"template":"Default","format":"standard","meta":{"footnotes":""},"categories":[14],"tags":[],"class_list":["post-328795","post","type-post","status-publish","format-standard","has-post-thumbnail","hentry","category-frandroid"],"_links":{"self":[{"href":"https:\/\/www.evearly.news\/fr\/wp-json\/wp\/v2\/posts\/328795","targetHints":{"allow":["GET"]}}],"collection":[{"href":"https:\/\/www.evearly.news\/fr\/wp-json\/wp\/v2\/posts"}],"about":[{"href":"https:\/\/www.evearly.news\/fr\/wp-json\/wp\/v2\/types\/post"}],"author":[{"embeddable":true,"href":"https:\/\/www.evearly.news\/fr\/wp-json\/wp\/v2\/users\/6"}],"replies":[{"embeddable":true,"href":"https:\/\/www.evearly.news\/fr\/wp-json\/wp\/v2\/comments?post=328795"}],"version-history":[{"count":0,"href":"https:\/\/www.evearly.news\/fr\/wp-json\/wp\/v2\/posts\/328795\/revisions"}],"wp:featuredmedia":[{"embeddable":true,"href":"https:\/\/www.evearly.news\/fr\/wp-json\/wp\/v2\/media\/328796"}],"wp:attachment":[{"href":"https:\/\/www.evearly.news\/fr\/wp-json\/wp\/v2\/media?parent=328795"}],"wp:term":[{"taxonomy":"category","embeddable":true,"href":"https:\/\/www.evearly.news\/fr\/wp-json\/wp\/v2\/categories?post=328795"},{"taxonomy":"post_tag","embeddable":true,"href":"https:\/\/www.evearly.news\/fr\/wp-json\/wp\/v2\/tags?post=328795"}],"curies":[{"name":"wp","href":"https:\/\/api.w.org\/{rel}","templated":true}]}}