{"id":328811,"date":"2026-09-05T16:15:10","date_gmt":"2026-09-05T14:15:10","guid":{"rendered":"https:\/\/www.evearly.news\/fr\/essai-mazda-cx-6e-face-aux-peugeot-e-5008-et-tesla-model-y-le-nouveau-suv-electrique-peut-il-se-faire-une-place\/"},"modified":"2026-09-05T16:15:10","modified_gmt":"2026-09-05T14:15:10","slug":"essai-mazda-cx-6e-face-aux-peugeot-e-5008-et-tesla-model-y-le-nouveau-suv-electrique-peut-il-se-faire-une-place","status":"publish","type":"post","link":"https:\/\/www.evearly.news\/fr\/essai-mazda-cx-6e-face-aux-peugeot-e-5008-et-tesla-model-y-le-nouveau-suv-electrique-peut-il-se-faire-une-place\/","title":{"rendered":"Essai Mazda CX-6e : face aux Peugeot E-5008 et Tesla Model Y, le nouveau SUV \u00e9lectrique peut-il se faire une place ?"},"content":{"rendered":"<div class=\"media_block\"><img decoding=\"async\" src=\"https:\/\/www.evearly.news\/fr\/wp-content\/uploads\/sites\/6\/2026\/09\/essai-mazda-cx-6e-face-aux-peugeot-e-5008-et-tesla-model-y-le-nouveau-suv-electrique-peut-il-se-faire-une-place.jpg\"><\/div>\n<p>Jusqu\u2019alors en queue de peloton en mati\u00e8re d\u2019\u00e9lectrification, Mazda dispose d\u00e9sormais d\u2019un second mod\u00e8le 100% batterie avec le grand SUV CX-6e. A l\u2019instar de la berline Mazda 6e, l\u2019enrobage ne manque pas de charisme mais rec\u00e8le des dessous bien \u00e9loign\u00e9s des traditions du constructeur japonais. Pour cause : chez Mazda, le virage de l\u2019\u00e9lectrique s\u2019appuie sur son partenaire chinois Changan, d\u2019o\u00f9 proviennent <a href=https:\/\/www.automobile-magazine.fr\/voitures-electriques\/article\/53029-essai-mazda-cx-6e-face-aux-peugeot-e-5008-et-tesla-model-y-le-nouveau-suv-electrique-peut-il-se-faire-une-place alt='automobile magazine' target='blank'>Lire la suite&#8230;<\/a><\/p>\n","protected":false},"excerpt":{"rendered":"<div class=\"media_block\"><img decoding=\"async\" src=\"https:\/\/www.evearly.news\/fr\/wp-content\/uploads\/sites\/6\/2026\/09\/essai-mazda-cx-6e-face-aux-peugeot-e-5008-et-tesla-model-y-le-nouveau-suv-electrique-peut-il-se-faire-une-place.jpg\"><\/div>\n<p> <a class=\"continue-reading-link\" href=\"https:\/\/www.evearly.news\/fr\/essai-mazda-cx-6e-face-aux-peugeot-e-5008-et-tesla-model-y-le-nouveau-suv-electrique-peut-il-se-faire-une-place\/\"><\/a><\/p>\n","protected":false},"author":7,"featured_media":328812,"comment_status":"closed","ping_status":"open","sticky":false,"template":"Default","format":"standard","meta":{"footnotes":""},"categories":[7],"tags":[],"class_list":["post-328811","post","type-post","status-publish","format-standard","has-post-thumbnail","hentry","category-automobile-magazine"],"_links":{"self":[{"href":"https:\/\/www.evearly.news\/fr\/wp-json\/wp\/v2\/posts\/328811","targetHints":{"allow":["GET"]}}],"collection":[{"href":"https:\/\/www.evearly.news\/fr\/wp-json\/wp\/v2\/posts"}],"about":[{"href":"https:\/\/www.evearly.news\/fr\/wp-json\/wp\/v2\/types\/post"}],"author":[{"embeddable":true,"href":"https:\/\/www.evearly.news\/fr\/wp-json\/wp\/v2\/users\/7"}],"replies":[{"embeddable":true,"href":"https:\/\/www.evearly.news\/fr\/wp-json\/wp\/v2\/comments?post=328811"}],"version-history":[{"count":0,"href":"https:\/\/www.evearly.news\/fr\/wp-json\/wp\/v2\/posts\/328811\/revisions"}],"wp:featuredmedia":[{"embeddable":true,"href":"https:\/\/www.evearly.news\/fr\/wp-json\/wp\/v2\/media\/328812"}],"wp:attachment":[{"href":"https:\/\/www.evearly.news\/fr\/wp-json\/wp\/v2\/media?parent=328811"}],"wp:term":[{"taxonomy":"category","embeddable":true,"href":"https:\/\/www.evearly.news\/fr\/wp-json\/wp\/v2\/categories?post=328811"},{"taxonomy":"post_tag","embeddable":true,"href":"https:\/\/www.evearly.news\/fr\/wp-json\/wp\/v2\/tags?post=328811"}],"curies":[{"name":"wp","href":"https:\/\/api.w.org\/{rel}","templated":true}]}}