{"id":328813,"date":"2026-09-05T16:18:40","date_gmt":"2026-09-05T14:18:40","guid":{"rendered":"https:\/\/www.evearly.news\/fr\/les-compteurs-trafiques-vont-exploser-la-menace-qui-pese-sur-la-taxe-au-kilometre-electrique-selon-vous-2\/"},"modified":"2026-09-05T16:18:40","modified_gmt":"2026-09-05T14:18:40","slug":"les-compteurs-trafiques-vont-exploser-la-menace-qui-pese-sur-la-taxe-au-kilometre-electrique-selon-vous-2","status":"publish","type":"post","link":"https:\/\/www.evearly.news\/fr\/les-compteurs-trafiques-vont-exploser-la-menace-qui-pese-sur-la-taxe-au-kilometre-electrique-selon-vous-2\/","title":{"rendered":"\u00ab Les compteurs trafiqu\u00e9s vont exploser \u00bb : la menace qui p\u00e8se sur la taxe au kilom\u00e8tre \u00e9lectrique selon vous"},"content":{"rendered":"<p><img loading=\"lazy\" width=\"1200\" height=\"675\" src=\"https:\/\/www.evearly.news\/fr\/wp-content\/uploads\/sites\/6\/2026\/09\/les-compteurs-trafiques-vont-exploser-la-menace-qui-pese-sur-la-taxe-au-kilometre-electrique-selon-vous.jpg\" class=\"attachment-full size-full wp-post-image\" alt=\"\" decoding=\"async\" \/<br \/>\nLes rumeurs et r\u00e9flexions d&rsquo;une potentielle taxe au kilom\u00e8tre pour les v\u00e9hicules \u00e9lectriques en France inqui\u00e8tent. Calibrer une telle redevance en fonction de la distance parcourue soul\u00e8ve un probl\u00e8me technique et \u00e9thique majeur selon vos t\u00e9moignages. Vous d\u00e9noncez une mesure ing\u00e9rable, entre risque d&rsquo;explosion de la fraude au compteur et sentiment de punition pour les citoyens honn\u00eates.<br \/>\n <a href=https:\/\/www.frandroid.com\/survoltes\/voitures-electriques\/3232119_les-compteurs-trafiques-vont-exploser-la-menace-qui-pese-sur-la-taxe-au-kilometre-electrique-selon-vous target='bwindow'>Lire la suite&#8230;<\/a><\/p>\n","protected":false},"excerpt":{"rendered":"<p>&lt;img width=&quot;1200&quot; height=&quot;675&quot; src=&quot;https:\/\/www.evearly.news\/fr\/wp-content\/uploads\/sites\/6\/2026\/09\/les-compteurs-trafiques-vont-exploser-la-menace-qui-pese-sur-la-taxe-au-kilometre-electrique-selon-vous.jpg&quot; class=&quot;attachment-full size-full wp-post-image&quot; alt=&quot;&quot; decoding=&quot;async&quot; \/<br \/>\nLes rumeurs et r\u00e9flexions d&rsquo;une potentielle taxe au kilom\u00e8tre pour les v\u00e9hicules \u00e9lectriques en France inqui\u00e8tent. Calibrer une telle redevance en fonction de la distance parcourue soul\u00e8ve un probl\u00e8me technique et \u00e9thique majeur selon vos t\u00e9moignages. Vous d\u00e9noncez une mesure ing\u00e9rable, entre risque d&rsquo;explosion de la fraude au compteur et sentiment de punition pour les citoyens honn\u00eates.\n<\/p>\n<p> <a class=\"continue-reading-link\" href=\"https:\/\/www.evearly.news\/fr\/les-compteurs-trafiques-vont-exploser-la-menace-qui-pese-sur-la-taxe-au-kilometre-electrique-selon-vous-2\/\"><\/a><\/p>\n","protected":false},"author":6,"featured_media":328814,"comment_status":"closed","ping_status":"open","sticky":false,"template":"Default","format":"standard","meta":{"footnotes":""},"categories":[14],"tags":[],"class_list":["post-328813","post","type-post","status-publish","format-standard","has-post-thumbnail","hentry","category-frandroid"],"_links":{"self":[{"href":"https:\/\/www.evearly.news\/fr\/wp-json\/wp\/v2\/posts\/328813","targetHints":{"allow":["GET"]}}],"collection":[{"href":"https:\/\/www.evearly.news\/fr\/wp-json\/wp\/v2\/posts"}],"about":[{"href":"https:\/\/www.evearly.news\/fr\/wp-json\/wp\/v2\/types\/post"}],"author":[{"embeddable":true,"href":"https:\/\/www.evearly.news\/fr\/wp-json\/wp\/v2\/users\/6"}],"replies":[{"embeddable":true,"href":"https:\/\/www.evearly.news\/fr\/wp-json\/wp\/v2\/comments?post=328813"}],"version-history":[{"count":0,"href":"https:\/\/www.evearly.news\/fr\/wp-json\/wp\/v2\/posts\/328813\/revisions"}],"wp:featuredmedia":[{"embeddable":true,"href":"https:\/\/www.evearly.news\/fr\/wp-json\/wp\/v2\/media\/328814"}],"wp:attachment":[{"href":"https:\/\/www.evearly.news\/fr\/wp-json\/wp\/v2\/media?parent=328813"}],"wp:term":[{"taxonomy":"category","embeddable":true,"href":"https:\/\/www.evearly.news\/fr\/wp-json\/wp\/v2\/categories?post=328813"},{"taxonomy":"post_tag","embeddable":true,"href":"https:\/\/www.evearly.news\/fr\/wp-json\/wp\/v2\/tags?post=328813"}],"curies":[{"name":"wp","href":"https:\/\/api.w.org\/{rel}","templated":true}]}}